{"id":3922,"date":"2019-10-07T12:45:55","date_gmt":"2019-10-07T17:45:55","guid":{"rendered":"https:\/\/sentimientolatino.com\/?p=3922"},"modified":"2019-10-07T12:55:42","modified_gmt":"2019-10-07T17:55:42","slug":"jambeli-reporta-mas-visitas-en-el-2019-que-en-los-ultimos-anos","status":"publish","type":"post","link":"https:\/\/sentimientolatino.com\/index.php\/2019\/10\/07\/jambeli-reporta-mas-visitas-en-el-2019-que-en-los-ultimos-anos\/","title":{"rendered":"Jambel\u00ed reporta mas visitas en el 2019 que en los \u00faltimos a\u00f1os"},"content":{"rendered":"<p>A pesar que entre el 2016 y 2018, la Isla sufri\u00f3 aguajes seguidos causando da\u00f1os a infraestructuras, por lo que caus\u00f3 notablemente la disminuci\u00f3n del turismo en el lugar, a pesar de aquello los propios comuneros se encargaron de rescatarlo con campa\u00f1as de limpieza, organizando eventos y levant\u00e1ndose de los mencionados da\u00f1os, y ahora recibe a cientos de turistas provenientes de El Oro y Azuay.<\/p>\n<p>Los Hoteles, restaurantes e isle\u00f1os que se dedican al alquiler de carpas se encuentran a la espera de los miles de turistas que llegan a la playa cada fin de semana. El servicio de \u00abcarperos\u00bb que son 21, est\u00e1n listos para atender a los visitantes a lo largo de la costa. Cada uno de ellos cuenta con 10 carpas que tiene un valor de $10 que incluye parasol, cama de madera, dos sillas.<\/p>\n<p>Y a pesar que la playa no cuenta con infraestructura hotelera, los isle\u00f1os cuentan con peque\u00f1o hoteles que pueden recibir m\u00e1s de 300 personas, incluso muchas cuentas con literas para poder as\u00ed cubrir la demanda, y los valores est\u00e1n entre $15 a $30.<\/p>\n<p>Asimismo podemos encontrar casi 40 locales entre restaurantes, bares, discotecas, tiendas entre otros quienes est\u00e1n atentos para servir al turista.<\/p>\n<p>Muchos visitantes afirman que no ven\u00edan a la playa porque en hasta hace menos de un a\u00f1o lo hab\u00edan hecho y la verdad la playa estaba maltratada, incluso mostraba descuido por la mala jugada que les hizo la naturaleza, pero que actualmente se puede vivir un ambiente limpio y tranquilo, por lo que ya tienen planes de venir m\u00e1s seguido a nuestra isla.<\/p>\n<p>As\u00ed que invitamos a todos a venir a pasar un rato tranquilo a la Isla Jambel\u00ed de la Provincia de El Oro Ecuador, ya se ha superado los malos ratos y ahora est\u00e1n listos ara recibirte y atenderte como se lo merece un buen turista amante a esta playa.<\/p>\n<div class=\"et_bloom_inline_form et_bloom_optin et_bloom_make_form_visible et_bloom_optin_3\" style=\"display: none;\">\n\t\t\t\t<style type=\"text\/css\">.et_bloom .et_bloom_optin_3 .et_bloom_form_content { background-color: #4b5b7d !important; } .et_bloom .et_bloom_optin_3 .et_bloom_form_container .et_bloom_form_header { background-color: #6083ab !important; } .et_bloom .et_bloom_optin_3 .et_bloom_form_content button { background-color: #74c7a5 !important; } .et_bloom .et_bloom_optin_3 .et_bloom_form_content .et_bloom_fields i { color: #74c7a5 !important; } .et_bloom .et_bloom_optin_3 .et_bloom_form_content .et_bloom_custom_field_radio i:before { background: #74c7a5 !important; } .et_bloom .et_bloom_optin_3 .et_bloom_border_solid { border-color: #74c7a5 !important } .et_bloom .et_bloom_optin_3 .et_bloom_form_content button { background-color: #74c7a5 !important; } .et_bloom .et_bloom_optin_3 .et_bloom_form_container h2, .et_bloom .et_bloom_optin_3 .et_bloom_form_container h2 span, .et_bloom .et_bloom_optin_3 .et_bloom_form_container h2 strong { font-family: \"Open Sans\", Helvetica, Arial, Lucida, sans-serif; }.et_bloom .et_bloom_optin_3 .et_bloom_form_container p, .et_bloom .et_bloom_optin_3 .et_bloom_form_container p span, .et_bloom .et_bloom_optin_3 .et_bloom_form_container p strong, .et_bloom .et_bloom_optin_3 .et_bloom_form_container form input, .et_bloom .et_bloom_optin_3 .et_bloom_form_container form button span { font-family: \"Open Sans\", Helvetica, Arial, Lucida, sans-serif; } <\/style>\n\t\t\t\t<div class=\"et_bloom_form_container  et_bloom_border_solid et_bloom_border_position_top et_bloom_rounded et_bloom_form_text_dark et_bloom_form_bottom et_bloom_inline_1_field\">\n\t\t\t\t\t\n\t\t\t<div class=\"et_bloom_form_container_wrapper clearfix\">\n\t\t\t\t<div class=\"et_bloom_header_outer\">\n\t\t\t\t\t<div class=\"et_bloom_form_header split et_bloom_header_text_light\">\n\t\t\t\t\t\t<img decoding=\"async\" src=\"https:\/\/sentimientolatino.com\/wp-content\/plugins\/bloom\/images\/premade-image-09.png\" alt=\"Subscribete a nuestro Blog\" class=\" et_bloom_image_slideup et_bloom_image\">\n\t\t\t\t\t\t<div class=\"et_bloom_form_text\">\n\t\t\t\t\t\t<h2>Subscribete a nuestro Blog<\/h2><p>Recibir\u00e1s a tu correo las novedades de las noticias y novedades.<\/p>\r\n<p>- M\u00fasica<\/p>\r\n<p>- Tecnolog\u00eda<\/p>\r\n<p>- Tips de Salud<\/p>\r\n<p>- Ciencia y mucho m\u00e1s<\/p>\n\t\t\t\t\t<\/div>\n\t\t\t\t\t\t\n\t\t\t\t\t<\/div>\n\t\t\t\t<\/div>\n\t\t\t\t<div class=\"et_bloom_form_content et_bloom_1_field et_bloom_bottom_inline\">\n\t\t\t\t\t\n\t\t\t\t\t\n\t\t\t\t\t<form method=\"post\" class=\"clearfix\">\n\t\t\t\t\t\t<div class=\"et_bloom_fields\">\n\t\t\t\t\t\t\t\n\t\t\t\t\t\t\t<p class=\"et_bloom_popup_input et_bloom_subscribe_email\">\n\t\t\t\t\t\t\t\t<input placeholder=\"Email\">\n\t\t\t\t\t\t\t<\/p>\n\t\t\t\t\t\t\t\n\t\t\t\t\t\t\t<button data-optin_id=\"optin_3\" data-service=\"mailchimp\" data-list_id=\"5678a0724b\" data-page_id=\"3922\" data-account=\"Radio Sentimiento Latino\" data-ip_address=\"true\" class=\"et_bloom_submit_subscription\">\n\t\t\t\t\t\t\t\t<span class=\"et_bloom_subscribe_loader\"><\/span>\n\t\t\t\t\t\t\t\t<span class=\"et_bloom_button_text et_bloom_button_text_color_light\">SUSCRIBIRSE!<\/span>\n\t\t\t\t\t\t\t<\/button>\n\t\t\t\t\t\t<\/div>\n\t\t\t\t\t<\/form>\n\t\t\t\t\t<div class=\"et_bloom_success_container\">\n\t\t\t\t\t\t<span class=\"et_bloom_success_checkmark\"><\/span>\n\t\t\t\t\t<\/div>\n\t\t\t\t\t<h2 class=\"et_bloom_success_message\">You have Successfully Subscribed!<\/h2>\n\t\t\t\t\t\n\t\t\t\t<\/div>\n\t\t\t<\/div>\n\t\t\t<span class=\"et_bloom_close_button\"><\/span>\n\t\t\t\t<\/div>\n\t\t\t<\/div>\n<p>&nbsp;<\/p>\n<span class=\"et_bloom_bottom_trigger\"><\/span>","protected":false},"excerpt":{"rendered":"<p>Muchos visitantes afirman que no ven\u00edan a la playa porque en hasta hace menos de un a\u00f1o lo hab\u00edan hecho y la verdad la playa estaba maltratada, incluso mostraba descuido por la mala jugada que les hizo la naturaleza, pero que actualmente se puede vivir un ambiente limpio y tranquilo, por lo que ya tienen planes de venir m\u00e1s seguido a nuestra isla.<\/p>\n","protected":false},"author":1,"featured_media":3923,"comment_status":"open","ping_status":"open","sticky":false,"template":"","format":"standard","meta":{"_et_pb_use_builder":"","_et_pb_old_content":"","_et_gb_content_width":"","_joinchat":[],"footnotes":""},"categories":[35],"tags":[8,37],"class_list":["post-3922","post","type-post","status-publish","format-standard","has-post-thumbnail","hentry","category-comunidad","tag-comunidad","tag-playa","et-has-post-format-content","et_post_format-et-post-format-standard"],"yoast_head":"<!-- This site is optimized with the Yoast SEO plugin v25.1 - https:\/\/yoast.com\/wordpress\/plugins\/seo\/ -->\n<title>Jambel\u00ed reporta mas visitas en el 2019 que en los \u00faltimos a\u00f1os - Radio Sentimiento Latino<\/title>\n<meta name=\"robots\" content=\"index, follow, max-snippet:-1, max-image-preview:large, max-video-preview:-1\" \/>\n<link rel=\"canonical\" href=\"https:\/\/sentimientolatino.com\/index.php\/2019\/10\/07\/jambeli-reporta-mas-visitas-en-el-2019-que-en-los-ultimos-anos\/\" \/>\n<meta property=\"og:locale\" content=\"es_ES\" \/>\n<meta property=\"og:type\" content=\"article\" \/>\n<meta property=\"og:title\" content=\"Jambel\u00ed reporta mas visitas en el 2019 que en los \u00faltimos a\u00f1os - Radio Sentimiento Latino\" \/>\n<meta property=\"og:description\" content=\"Muchos visitantes afirman que no ven\u00edan a la playa porque en hasta hace menos de un a\u00f1o lo hab\u00edan hecho y la verdad la playa estaba maltratada, incluso mostraba descuido por la mala jugada que les hizo la naturaleza, pero que actualmente se puede vivir un ambiente limpio y tranquilo, por lo que ya tienen planes de venir m\u00e1s seguido a nuestra isla.\" \/>\n<meta property=\"og:url\" content=\"https:\/\/sentimientolatino.com\/index.php\/2019\/10\/07\/jambeli-reporta-mas-visitas-en-el-2019-que-en-los-ultimos-anos\/\" \/>\n<meta property=\"og:site_name\" content=\"Radio Sentimiento Latino\" \/>\n<meta property=\"article:publisher\" content=\"https:\/\/www.facebook.com\/SentimientoLatino01\/\" \/>\n<meta property=\"article:published_time\" content=\"2019-10-07T17:45:55+00:00\" \/>\n<meta property=\"article:modified_time\" content=\"2019-10-07T17:55:42+00:00\" \/>\n<meta property=\"og:image\" content=\"https:\/\/sentimientolatino.com\/wp-content\/uploads\/2019\/10\/jambel\u00ed-vive-mas-que-nunca-radio-sentimiento-latino.jpg\" \/>\n\t<meta property=\"og:image:width\" content=\"800\" \/>\n\t<meta property=\"og:image:height\" content=\"534\" \/>\n\t<meta property=\"og:image:type\" content=\"image\/jpeg\" \/>\n<meta name=\"author\" content=\"Fernando Idrovo Hidalgo\" \/>\n<meta name=\"twitter:card\" content=\"summary_large_image\" \/>\n<meta name=\"twitter:creator\" content=\"@sentimientofmec\" \/>\n<meta name=\"twitter:site\" content=\"@sentimientofmec\" \/>\n<meta name=\"twitter:label1\" content=\"Escrito por\" \/>\n\t<meta name=\"twitter:data1\" content=\"Fernando Idrovo Hidalgo\" \/>\n\t<meta name=\"twitter:label2\" content=\"Tiempo de lectura\" \/>\n\t<meta name=\"twitter:data2\" content=\"2 minutos\" \/>\n<script type=\"application\/ld+json\" class=\"yoast-schema-graph\">{\"@context\":\"https:\/\/schema.org\",\"@graph\":[{\"@type\":\"WebPage\",\"@id\":\"https:\/\/sentimientolatino.com\/index.php\/2019\/10\/07\/jambeli-reporta-mas-visitas-en-el-2019-que-en-los-ultimos-anos\/\",\"url\":\"https:\/\/sentimientolatino.com\/index.php\/2019\/10\/07\/jambeli-reporta-mas-visitas-en-el-2019-que-en-los-ultimos-anos\/\",\"name\":\"Jambel\u00ed reporta mas visitas en el 2019 que en los \u00faltimos a\u00f1os - Radio Sentimiento Latino\",\"isPartOf\":{\"@id\":\"https:\/\/sentimientolatino.com\/#website\"},\"primaryImageOfPage\":{\"@id\":\"https:\/\/sentimientolatino.com\/index.php\/2019\/10\/07\/jambeli-reporta-mas-visitas-en-el-2019-que-en-los-ultimos-anos\/#primaryimage\"},\"image\":{\"@id\":\"https:\/\/sentimientolatino.com\/index.php\/2019\/10\/07\/jambeli-reporta-mas-visitas-en-el-2019-que-en-los-ultimos-anos\/#primaryimage\"},\"thumbnailUrl\":\"https:\/\/sentimientolatino.com\/wp-content\/uploads\/2019\/10\/jambel\u00ed-vive-mas-que-nunca-radio-sentimiento-latino.jpg\",\"datePublished\":\"2019-10-07T17:45:55+00:00\",\"dateModified\":\"2019-10-07T17:55:42+00:00\",\"author\":{\"@id\":\"https:\/\/sentimientolatino.com\/#\/schema\/person\/1b113de606b114548a7dbe97246bf635\"},\"breadcrumb\":{\"@id\":\"https:\/\/sentimientolatino.com\/index.php\/2019\/10\/07\/jambeli-reporta-mas-visitas-en-el-2019-que-en-los-ultimos-anos\/#breadcrumb\"},\"inLanguage\":\"es\",\"potentialAction\":[{\"@type\":\"ReadAction\",\"target\":[\"https:\/\/sentimientolatino.com\/index.php\/2019\/10\/07\/jambeli-reporta-mas-visitas-en-el-2019-que-en-los-ultimos-anos\/\"]}]},{\"@type\":\"ImageObject\",\"inLanguage\":\"es\",\"@id\":\"https:\/\/sentimientolatino.com\/index.php\/2019\/10\/07\/jambeli-reporta-mas-visitas-en-el-2019-que-en-los-ultimos-anos\/#primaryimage\",\"url\":\"https:\/\/sentimientolatino.com\/wp-content\/uploads\/2019\/10\/jambel\u00ed-vive-mas-que-nunca-radio-sentimiento-latino.jpg\",\"contentUrl\":\"https:\/\/sentimientolatino.com\/wp-content\/uploads\/2019\/10\/jambel\u00ed-vive-mas-que-nunca-radio-sentimiento-latino.jpg\",\"width\":800,\"height\":534},{\"@type\":\"BreadcrumbList\",\"@id\":\"https:\/\/sentimientolatino.com\/index.php\/2019\/10\/07\/jambeli-reporta-mas-visitas-en-el-2019-que-en-los-ultimos-anos\/#breadcrumb\",\"itemListElement\":[{\"@type\":\"ListItem\",\"position\":1,\"name\":\"Portada\",\"item\":\"https:\/\/sentimientolatino.com\/\"},{\"@type\":\"ListItem\",\"position\":2,\"name\":\"Jambel\u00ed reporta mas visitas en el 2019 que en los \u00faltimos a\u00f1os\"}]},{\"@type\":\"WebSite\",\"@id\":\"https:\/\/sentimientolatino.com\/#website\",\"url\":\"https:\/\/sentimientolatino.com\/\",\"name\":\"Radio Sentimiento Latino\",\"description\":\"M\u00fasica latina en tu coraz\u00f3n\",\"potentialAction\":[{\"@type\":\"SearchAction\",\"target\":{\"@type\":\"EntryPoint\",\"urlTemplate\":\"https:\/\/sentimientolatino.com\/?s={search_term_string}\"},\"query-input\":{\"@type\":\"PropertyValueSpecification\",\"valueRequired\":true,\"valueName\":\"search_term_string\"}}],\"inLanguage\":\"es\"},{\"@type\":\"Person\",\"@id\":\"https:\/\/sentimientolatino.com\/#\/schema\/person\/1b113de606b114548a7dbe97246bf635\",\"name\":\"Fernando Idrovo Hidalgo\",\"image\":{\"@type\":\"ImageObject\",\"inLanguage\":\"es\",\"@id\":\"https:\/\/sentimientolatino.com\/#\/schema\/person\/image\/\",\"url\":\"https:\/\/secure.gravatar.com\/avatar\/5bf62483600f0f52315748bb3d3dab1a?s=96&d=mm&r=g\",\"contentUrl\":\"https:\/\/secure.gravatar.com\/avatar\/5bf62483600f0f52315748bb3d3dab1a?s=96&d=mm&r=g\",\"caption\":\"Fernando Idrovo Hidalgo\"},\"url\":\"https:\/\/sentimientolatino.com\/index.php\/author\/sentimie\/\"}]}<\/script>\n<!-- \/ Yoast SEO plugin. -->","yoast_head_json":{"title":"Jambel\u00ed reporta mas visitas en el 2019 que en los \u00faltimos a\u00f1os - Radio Sentimiento Latino","robots":{"index":"index","follow":"follow","max-snippet":"max-snippet:-1","max-image-preview":"max-image-preview:large","max-video-preview":"max-video-preview:-1"},"canonical":"https:\/\/sentimientolatino.com\/index.php\/2019\/10\/07\/jambeli-reporta-mas-visitas-en-el-2019-que-en-los-ultimos-anos\/","og_locale":"es_ES","og_type":"article","og_title":"Jambel\u00ed reporta mas visitas en el 2019 que en los \u00faltimos a\u00f1os - Radio Sentimiento Latino","og_description":"Muchos visitantes afirman que no ven\u00edan a la playa porque en hasta hace menos de un a\u00f1o lo hab\u00edan hecho y la verdad la playa estaba maltratada, incluso mostraba descuido por la mala jugada que les hizo la naturaleza, pero que actualmente se puede vivir un ambiente limpio y tranquilo, por lo que ya tienen planes de venir m\u00e1s seguido a nuestra isla.","og_url":"https:\/\/sentimientolatino.com\/index.php\/2019\/10\/07\/jambeli-reporta-mas-visitas-en-el-2019-que-en-los-ultimos-anos\/","og_site_name":"Radio Sentimiento Latino","article_publisher":"https:\/\/www.facebook.com\/SentimientoLatino01\/","article_published_time":"2019-10-07T17:45:55+00:00","article_modified_time":"2019-10-07T17:55:42+00:00","og_image":[{"width":800,"height":534,"url":"https:\/\/sentimientolatino.com\/wp-content\/uploads\/2019\/10\/jambel\u00ed-vive-mas-que-nunca-radio-sentimiento-latino.jpg","type":"image\/jpeg"}],"author":"Fernando Idrovo Hidalgo","twitter_card":"summary_large_image","twitter_creator":"@sentimientofmec","twitter_site":"@sentimientofmec","twitter_misc":{"Escrito por":"Fernando Idrovo Hidalgo","Tiempo de lectura":"2 minutos"},"schema":{"@context":"https:\/\/schema.org","@graph":[{"@type":"WebPage","@id":"https:\/\/sentimientolatino.com\/index.php\/2019\/10\/07\/jambeli-reporta-mas-visitas-en-el-2019-que-en-los-ultimos-anos\/","url":"https:\/\/sentimientolatino.com\/index.php\/2019\/10\/07\/jambeli-reporta-mas-visitas-en-el-2019-que-en-los-ultimos-anos\/","name":"Jambel\u00ed reporta mas visitas en el 2019 que en los \u00faltimos a\u00f1os - Radio Sentimiento Latino","isPartOf":{"@id":"https:\/\/sentimientolatino.com\/#website"},"primaryImageOfPage":{"@id":"https:\/\/sentimientolatino.com\/index.php\/2019\/10\/07\/jambeli-reporta-mas-visitas-en-el-2019-que-en-los-ultimos-anos\/#primaryimage"},"image":{"@id":"https:\/\/sentimientolatino.com\/index.php\/2019\/10\/07\/jambeli-reporta-mas-visitas-en-el-2019-que-en-los-ultimos-anos\/#primaryimage"},"thumbnailUrl":"https:\/\/sentimientolatino.com\/wp-content\/uploads\/2019\/10\/jambel\u00ed-vive-mas-que-nunca-radio-sentimiento-latino.jpg","datePublished":"2019-10-07T17:45:55+00:00","dateModified":"2019-10-07T17:55:42+00:00","author":{"@id":"https:\/\/sentimientolatino.com\/#\/schema\/person\/1b113de606b114548a7dbe97246bf635"},"breadcrumb":{"@id":"https:\/\/sentimientolatino.com\/index.php\/2019\/10\/07\/jambeli-reporta-mas-visitas-en-el-2019-que-en-los-ultimos-anos\/#breadcrumb"},"inLanguage":"es","potentialAction":[{"@type":"ReadAction","target":["https:\/\/sentimientolatino.com\/index.php\/2019\/10\/07\/jambeli-reporta-mas-visitas-en-el-2019-que-en-los-ultimos-anos\/"]}]},{"@type":"ImageObject","inLanguage":"es","@id":"https:\/\/sentimientolatino.com\/index.php\/2019\/10\/07\/jambeli-reporta-mas-visitas-en-el-2019-que-en-los-ultimos-anos\/#primaryimage","url":"https:\/\/sentimientolatino.com\/wp-content\/uploads\/2019\/10\/jambel\u00ed-vive-mas-que-nunca-radio-sentimiento-latino.jpg","contentUrl":"https:\/\/sentimientolatino.com\/wp-content\/uploads\/2019\/10\/jambel\u00ed-vive-mas-que-nunca-radio-sentimiento-latino.jpg","width":800,"height":534},{"@type":"BreadcrumbList","@id":"https:\/\/sentimientolatino.com\/index.php\/2019\/10\/07\/jambeli-reporta-mas-visitas-en-el-2019-que-en-los-ultimos-anos\/#breadcrumb","itemListElement":[{"@type":"ListItem","position":1,"name":"Portada","item":"https:\/\/sentimientolatino.com\/"},{"@type":"ListItem","position":2,"name":"Jambel\u00ed reporta mas visitas en el 2019 que en los \u00faltimos a\u00f1os"}]},{"@type":"WebSite","@id":"https:\/\/sentimientolatino.com\/#website","url":"https:\/\/sentimientolatino.com\/","name":"Radio Sentimiento Latino","description":"M\u00fasica latina en tu coraz\u00f3n","potentialAction":[{"@type":"SearchAction","target":{"@type":"EntryPoint","urlTemplate":"https:\/\/sentimientolatino.com\/?s={search_term_string}"},"query-input":{"@type":"PropertyValueSpecification","valueRequired":true,"valueName":"search_term_string"}}],"inLanguage":"es"},{"@type":"Person","@id":"https:\/\/sentimientolatino.com\/#\/schema\/person\/1b113de606b114548a7dbe97246bf635","name":"Fernando Idrovo Hidalgo","image":{"@type":"ImageObject","inLanguage":"es","@id":"https:\/\/sentimientolatino.com\/#\/schema\/person\/image\/","url":"https:\/\/secure.gravatar.com\/avatar\/5bf62483600f0f52315748bb3d3dab1a?s=96&d=mm&r=g","contentUrl":"https:\/\/secure.gravatar.com\/avatar\/5bf62483600f0f52315748bb3d3dab1a?s=96&d=mm&r=g","caption":"Fernando Idrovo Hidalgo"},"url":"https:\/\/sentimientolatino.com\/index.php\/author\/sentimie\/"}]}},"_links":{"self":[{"href":"https:\/\/sentimientolatino.com\/index.php\/wp-json\/wp\/v2\/posts\/3922"}],"collection":[{"href":"https:\/\/sentimientolatino.com\/index.php\/wp-json\/wp\/v2\/posts"}],"about":[{"href":"https:\/\/sentimientolatino.com\/index.php\/wp-json\/wp\/v2\/types\/post"}],"author":[{"embeddable":true,"href":"https:\/\/sentimientolatino.com\/index.php\/wp-json\/wp\/v2\/users\/1"}],"replies":[{"embeddable":true,"href":"https:\/\/sentimientolatino.com\/index.php\/wp-json\/wp\/v2\/comments?post=3922"}],"version-history":[{"count":3,"href":"https:\/\/sentimientolatino.com\/index.php\/wp-json\/wp\/v2\/posts\/3922\/revisions"}],"predecessor-version":[{"id":3926,"href":"https:\/\/sentimientolatino.com\/index.php\/wp-json\/wp\/v2\/posts\/3922\/revisions\/3926"}],"wp:featuredmedia":[{"embeddable":true,"href":"https:\/\/sentimientolatino.com\/index.php\/wp-json\/wp\/v2\/media\/3923"}],"wp:attachment":[{"href":"https:\/\/sentimientolatino.com\/index.php\/wp-json\/wp\/v2\/media?parent=3922"}],"wp:term":[{"taxonomy":"category","embeddable":true,"href":"https:\/\/sentimientolatino.com\/index.php\/wp-json\/wp\/v2\/categories?post=3922"},{"taxonomy":"post_tag","embeddable":true,"href":"https:\/\/sentimientolatino.com\/index.php\/wp-json\/wp\/v2\/tags?post=3922"}],"curies":[{"name":"wp","href":"https:\/\/api.w.org\/{rel}","templated":true}]}}