{"id":4325,"date":"2019-10-14T17:33:41","date_gmt":"2019-10-14T22:33:41","guid":{"rendered":"https:\/\/sentimientolatino.com\/?p=4325"},"modified":"2019-10-14T17:33:44","modified_gmt":"2019-10-14T22:33:44","slug":"presidente-de-la-conaie-jaime-vargas-anuncia-demandas-contra-responsable-de-muertes","status":"publish","type":"post","link":"https:\/\/sentimientolatino.com\/index.php\/2019\/10\/14\/presidente-de-la-conaie-jaime-vargas-anuncia-demandas-contra-responsable-de-muertes\/","title":{"rendered":"Presidente de la CONAIE Jaime Vargas anuncia demandas contra responsable de muertes."},"content":{"rendered":"\n<p>En las horas de la noche de este domingo 13 de octubre del 2019 se estableci\u00f3 el acuerdo entre los dirigentes Ind\u00edgenas y el Gobierno Nacional del Ecuador, a las 22:00, en una transmisi\u00f3n que se realiz\u00f3 v\u00eda online, sobre la derogatoria del Decreto 883, que entre varios puntos de controversia, el que m\u00e1s sac\u00f3 a las calles a protestar en varias ciudades del pa\u00eds , fue la eliminaci\u00f3n del subsidio de los combustibles.<\/p>\n\n\n\n<figure class=\"wp-block-image\"><img loading=\"lazy\" decoding=\"async\" width=\"750\" height=\"462\" src=\"https:\/\/sentimientolatino.com\/wp-content\/uploads\/2019\/10\/paro-nacional-del-ecuador-termino-radio-sentimiento-latino.jpg\" alt=\"\" class=\"wp-image-4332\" srcset=\"https:\/\/sentimientolatino.com\/wp-content\/uploads\/2019\/10\/paro-nacional-del-ecuador-termino-radio-sentimiento-latino.jpg 750w, https:\/\/sentimientolatino.com\/wp-content\/uploads\/2019\/10\/paro-nacional-del-ecuador-termino-radio-sentimiento-latino-300x185.jpg 300w, https:\/\/sentimientolatino.com\/wp-content\/uploads\/2019\/10\/paro-nacional-del-ecuador-termino-radio-sentimiento-latino-610x376.jpg 610w\" sizes=\"(max-width: 750px) 100vw, 750px\" \/><\/figure>\n\n\n\n<p>El Presidente Ind\u00edgena Jaime Vargas anunci\u00f3 en una presentaci\u00f3n que hizo en el \u00c1gora de la Casa de la Cultura de Quito que no descansar\u00e1 en hacer pagar a los responsables por los ataques muertes y heridas que le hizo a su gente en las manifestaciones, nombrando a los Ministro de Defensa Oswaldo Jarr\u00edn y la Ministra del Interior Mar\u00eda Paula Romo, por haber quienes para su parecer dieron la orden directa con armas de fuego contra la multitud que reclamaba en las calles protegi\u00e9ndose con cartones y vallas met\u00e1licas que encontraban.<\/p>\n\n\n\n<figure class=\"wp-block-image\"><img loading=\"lazy\" decoding=\"async\" width=\"900\" height=\"600\" src=\"https:\/\/sentimientolatino.com\/wp-content\/uploads\/2019\/10\/paro-nacional-del-ecuador-termino-radio-sentimiento-latino-01.jpg\" alt=\"\" class=\"wp-image-4331\" srcset=\"https:\/\/sentimientolatino.com\/wp-content\/uploads\/2019\/10\/paro-nacional-del-ecuador-termino-radio-sentimiento-latino-01.jpg 900w, https:\/\/sentimientolatino.com\/wp-content\/uploads\/2019\/10\/paro-nacional-del-ecuador-termino-radio-sentimiento-latino-01-300x200.jpg 300w, https:\/\/sentimientolatino.com\/wp-content\/uploads\/2019\/10\/paro-nacional-del-ecuador-termino-radio-sentimiento-latino-01-768x512.jpg 768w, https:\/\/sentimientolatino.com\/wp-content\/uploads\/2019\/10\/paro-nacional-del-ecuador-termino-radio-sentimiento-latino-01-610x407.jpg 610w\" sizes=\"(max-width: 900px) 100vw, 900px\" \/><\/figure>\n\n\n\n<p>A dem\u00e1s el Dirigente acot\u00f3 que no dar\u00e1 marcha atr\u00e1s sobre las exigencias que se le hizo al Gobierno de Lenin Moreno en el di\u00e1logo que se llam\u00f3 ayer en la noche, sobre todo que se cumpla de manera inmediata los precios de combustible, el mismo que sobresalt\u00f3 fue una lucha a favor de los m\u00e1s de 16 millones de ecuatorianos que ya no sentir\u00e1n el alza abrupta que hizo el Gobierno de manera repentina.<\/p>\n\n\n\n<p>Lo mejor de todo es que ya desde este lunes podemos respirar un ambiente de paz en todo el Ecuador, ya se vieron v\u00edas libres de paso, el transporte se normalizo a un 90%, para el transcurso del d\u00eda se espera el anuncio del Ministerio de Educaci\u00f3n sobre el retorno de clases de estudiantes desde el martes 15 de octubre, y esto cerrar\u00eda un cap\u00edtulo de tristeza que vivi\u00f3 el pa\u00eds durante 12 d\u00edas y que gracias a este di\u00e1logo se lleg\u00f3 a un acuerdo que dej\u00f3 feliz a los dirigentes y representantes. <\/p>\n<span class=\"et_bloom_bottom_trigger\"><\/span>","protected":false},"excerpt":{"rendered":"<p>El Presidente Ind\u00edgena Jaime Vargas anunci\u00f3 en una presentaci\u00f3n que hizo en el \u00c1gora de la Casa de la Cultura de Quito que no descansar\u00e1 en hacer pagar a los responsables por los ataques muertes y heridas que le hizo a su gente en las manifestaciones<\/p>\n","protected":false},"author":1,"featured_media":4333,"comment_status":"open","ping_status":"open","sticky":false,"template":"","format":"standard","meta":{"_et_pb_use_builder":"off","_et_pb_old_content":"","_et_gb_content_width":"","_joinchat":[],"footnotes":""},"categories":[35],"tags":[8,43,42],"class_list":["post-4325","post","type-post","status-publish","format-standard","has-post-thumbnail","hentry","category-comunidad","tag-comunidad","tag-crisis","tag-ecuador","et-has-post-format-content","et_post_format-et-post-format-standard"],"yoast_head":"<!-- This site is optimized with the Yoast SEO plugin v25.1 - https:\/\/yoast.com\/wordpress\/plugins\/seo\/ -->\n<title>Presidente de la CONAIE Jaime Vargas anuncia demandas contra responsable de muertes. - Radio Sentimiento Latino<\/title>\n<meta name=\"robots\" content=\"index, follow, max-snippet:-1, max-image-preview:large, max-video-preview:-1\" \/>\n<link rel=\"canonical\" href=\"https:\/\/sentimientolatino.com\/index.php\/2019\/10\/14\/presidente-de-la-conaie-jaime-vargas-anuncia-demandas-contra-responsable-de-muertes\/\" \/>\n<meta property=\"og:locale\" content=\"es_ES\" \/>\n<meta property=\"og:type\" content=\"article\" \/>\n<meta property=\"og:title\" content=\"Presidente de la CONAIE Jaime Vargas anuncia demandas contra responsable de muertes. - Radio Sentimiento Latino\" \/>\n<meta property=\"og:description\" content=\"El Presidente Ind\u00edgena Jaime Vargas anunci\u00f3 en una presentaci\u00f3n que hizo en el \u00c1gora de la Casa de la Cultura de Quito que no descansar\u00e1 en hacer pagar a los responsables por los ataques muertes y heridas que le hizo a su gente en las manifestaciones\" \/>\n<meta property=\"og:url\" content=\"https:\/\/sentimientolatino.com\/index.php\/2019\/10\/14\/presidente-de-la-conaie-jaime-vargas-anuncia-demandas-contra-responsable-de-muertes\/\" \/>\n<meta property=\"og:site_name\" content=\"Radio Sentimiento Latino\" \/>\n<meta property=\"article:publisher\" content=\"https:\/\/www.facebook.com\/SentimientoLatino01\/\" \/>\n<meta property=\"article:published_time\" content=\"2019-10-14T22:33:41+00:00\" \/>\n<meta property=\"article:modified_time\" content=\"2019-10-14T22:33:44+00:00\" \/>\n<meta property=\"og:image\" content=\"https:\/\/sentimientolatino.com\/wp-content\/uploads\/2019\/10\/jaime-vargas-anucia-demandas-a-responsables-radio-sentimiento-latino-01.jpg\" \/>\n\t<meta property=\"og:image:width\" content=\"1200\" \/>\n\t<meta property=\"og:image:height\" content=\"636\" \/>\n\t<meta property=\"og:image:type\" content=\"image\/jpeg\" \/>\n<meta name=\"author\" content=\"Fernando Idrovo Hidalgo\" \/>\n<meta name=\"twitter:card\" content=\"summary_large_image\" \/>\n<meta name=\"twitter:creator\" content=\"@sentimientofmec\" \/>\n<meta name=\"twitter:site\" content=\"@sentimientofmec\" \/>\n<meta name=\"twitter:label1\" content=\"Escrito por\" \/>\n\t<meta name=\"twitter:data1\" content=\"Fernando Idrovo Hidalgo\" \/>\n\t<meta name=\"twitter:label2\" content=\"Tiempo de lectura\" \/>\n\t<meta name=\"twitter:data2\" content=\"2 minutos\" \/>\n<script type=\"application\/ld+json\" class=\"yoast-schema-graph\">{\"@context\":\"https:\/\/schema.org\",\"@graph\":[{\"@type\":\"WebPage\",\"@id\":\"https:\/\/sentimientolatino.com\/index.php\/2019\/10\/14\/presidente-de-la-conaie-jaime-vargas-anuncia-demandas-contra-responsable-de-muertes\/\",\"url\":\"https:\/\/sentimientolatino.com\/index.php\/2019\/10\/14\/presidente-de-la-conaie-jaime-vargas-anuncia-demandas-contra-responsable-de-muertes\/\",\"name\":\"Presidente de la CONAIE Jaime Vargas anuncia demandas contra responsable de muertes. - Radio Sentimiento Latino\",\"isPartOf\":{\"@id\":\"https:\/\/sentimientolatino.com\/#website\"},\"primaryImageOfPage\":{\"@id\":\"https:\/\/sentimientolatino.com\/index.php\/2019\/10\/14\/presidente-de-la-conaie-jaime-vargas-anuncia-demandas-contra-responsable-de-muertes\/#primaryimage\"},\"image\":{\"@id\":\"https:\/\/sentimientolatino.com\/index.php\/2019\/10\/14\/presidente-de-la-conaie-jaime-vargas-anuncia-demandas-contra-responsable-de-muertes\/#primaryimage\"},\"thumbnailUrl\":\"https:\/\/sentimientolatino.com\/wp-content\/uploads\/2019\/10\/jaime-vargas-anucia-demandas-a-responsables-radio-sentimiento-latino-01.jpg\",\"datePublished\":\"2019-10-14T22:33:41+00:00\",\"dateModified\":\"2019-10-14T22:33:44+00:00\",\"author\":{\"@id\":\"https:\/\/sentimientolatino.com\/#\/schema\/person\/1b113de606b114548a7dbe97246bf635\"},\"breadcrumb\":{\"@id\":\"https:\/\/sentimientolatino.com\/index.php\/2019\/10\/14\/presidente-de-la-conaie-jaime-vargas-anuncia-demandas-contra-responsable-de-muertes\/#breadcrumb\"},\"inLanguage\":\"es\",\"potentialAction\":[{\"@type\":\"ReadAction\",\"target\":[\"https:\/\/sentimientolatino.com\/index.php\/2019\/10\/14\/presidente-de-la-conaie-jaime-vargas-anuncia-demandas-contra-responsable-de-muertes\/\"]}]},{\"@type\":\"ImageObject\",\"inLanguage\":\"es\",\"@id\":\"https:\/\/sentimientolatino.com\/index.php\/2019\/10\/14\/presidente-de-la-conaie-jaime-vargas-anuncia-demandas-contra-responsable-de-muertes\/#primaryimage\",\"url\":\"https:\/\/sentimientolatino.com\/wp-content\/uploads\/2019\/10\/jaime-vargas-anucia-demandas-a-responsables-radio-sentimiento-latino-01.jpg\",\"contentUrl\":\"https:\/\/sentimientolatino.com\/wp-content\/uploads\/2019\/10\/jaime-vargas-anucia-demandas-a-responsables-radio-sentimiento-latino-01.jpg\",\"width\":1200,\"height\":636},{\"@type\":\"BreadcrumbList\",\"@id\":\"https:\/\/sentimientolatino.com\/index.php\/2019\/10\/14\/presidente-de-la-conaie-jaime-vargas-anuncia-demandas-contra-responsable-de-muertes\/#breadcrumb\",\"itemListElement\":[{\"@type\":\"ListItem\",\"position\":1,\"name\":\"Portada\",\"item\":\"https:\/\/sentimientolatino.com\/\"},{\"@type\":\"ListItem\",\"position\":2,\"name\":\"Presidente de la CONAIE Jaime Vargas anuncia demandas contra responsable de muertes.\"}]},{\"@type\":\"WebSite\",\"@id\":\"https:\/\/sentimientolatino.com\/#website\",\"url\":\"https:\/\/sentimientolatino.com\/\",\"name\":\"Radio Sentimiento Latino\",\"description\":\"M\u00fasica latina en tu coraz\u00f3n\",\"potentialAction\":[{\"@type\":\"SearchAction\",\"target\":{\"@type\":\"EntryPoint\",\"urlTemplate\":\"https:\/\/sentimientolatino.com\/?s={search_term_string}\"},\"query-input\":{\"@type\":\"PropertyValueSpecification\",\"valueRequired\":true,\"valueName\":\"search_term_string\"}}],\"inLanguage\":\"es\"},{\"@type\":\"Person\",\"@id\":\"https:\/\/sentimientolatino.com\/#\/schema\/person\/1b113de606b114548a7dbe97246bf635\",\"name\":\"Fernando Idrovo Hidalgo\",\"image\":{\"@type\":\"ImageObject\",\"inLanguage\":\"es\",\"@id\":\"https:\/\/sentimientolatino.com\/#\/schema\/person\/image\/\",\"url\":\"https:\/\/secure.gravatar.com\/avatar\/5bf62483600f0f52315748bb3d3dab1a?s=96&d=mm&r=g\",\"contentUrl\":\"https:\/\/secure.gravatar.com\/avatar\/5bf62483600f0f52315748bb3d3dab1a?s=96&d=mm&r=g\",\"caption\":\"Fernando Idrovo Hidalgo\"},\"url\":\"https:\/\/sentimientolatino.com\/index.php\/author\/sentimie\/\"}]}<\/script>\n<!-- \/ Yoast SEO plugin. -->","yoast_head_json":{"title":"Presidente de la CONAIE Jaime Vargas anuncia demandas contra responsable de muertes. - Radio Sentimiento Latino","robots":{"index":"index","follow":"follow","max-snippet":"max-snippet:-1","max-image-preview":"max-image-preview:large","max-video-preview":"max-video-preview:-1"},"canonical":"https:\/\/sentimientolatino.com\/index.php\/2019\/10\/14\/presidente-de-la-conaie-jaime-vargas-anuncia-demandas-contra-responsable-de-muertes\/","og_locale":"es_ES","og_type":"article","og_title":"Presidente de la CONAIE Jaime Vargas anuncia demandas contra responsable de muertes. - Radio Sentimiento Latino","og_description":"El Presidente Ind\u00edgena Jaime Vargas anunci\u00f3 en una presentaci\u00f3n que hizo en el \u00c1gora de la Casa de la Cultura de Quito que no descansar\u00e1 en hacer pagar a los responsables por los ataques muertes y heridas que le hizo a su gente en las manifestaciones","og_url":"https:\/\/sentimientolatino.com\/index.php\/2019\/10\/14\/presidente-de-la-conaie-jaime-vargas-anuncia-demandas-contra-responsable-de-muertes\/","og_site_name":"Radio Sentimiento Latino","article_publisher":"https:\/\/www.facebook.com\/SentimientoLatino01\/","article_published_time":"2019-10-14T22:33:41+00:00","article_modified_time":"2019-10-14T22:33:44+00:00","og_image":[{"width":1200,"height":636,"url":"https:\/\/sentimientolatino.com\/wp-content\/uploads\/2019\/10\/jaime-vargas-anucia-demandas-a-responsables-radio-sentimiento-latino-01.jpg","type":"image\/jpeg"}],"author":"Fernando Idrovo Hidalgo","twitter_card":"summary_large_image","twitter_creator":"@sentimientofmec","twitter_site":"@sentimientofmec","twitter_misc":{"Escrito por":"Fernando Idrovo Hidalgo","Tiempo de lectura":"2 minutos"},"schema":{"@context":"https:\/\/schema.org","@graph":[{"@type":"WebPage","@id":"https:\/\/sentimientolatino.com\/index.php\/2019\/10\/14\/presidente-de-la-conaie-jaime-vargas-anuncia-demandas-contra-responsable-de-muertes\/","url":"https:\/\/sentimientolatino.com\/index.php\/2019\/10\/14\/presidente-de-la-conaie-jaime-vargas-anuncia-demandas-contra-responsable-de-muertes\/","name":"Presidente de la CONAIE Jaime Vargas anuncia demandas contra responsable de muertes. - Radio Sentimiento Latino","isPartOf":{"@id":"https:\/\/sentimientolatino.com\/#website"},"primaryImageOfPage":{"@id":"https:\/\/sentimientolatino.com\/index.php\/2019\/10\/14\/presidente-de-la-conaie-jaime-vargas-anuncia-demandas-contra-responsable-de-muertes\/#primaryimage"},"image":{"@id":"https:\/\/sentimientolatino.com\/index.php\/2019\/10\/14\/presidente-de-la-conaie-jaime-vargas-anuncia-demandas-contra-responsable-de-muertes\/#primaryimage"},"thumbnailUrl":"https:\/\/sentimientolatino.com\/wp-content\/uploads\/2019\/10\/jaime-vargas-anucia-demandas-a-responsables-radio-sentimiento-latino-01.jpg","datePublished":"2019-10-14T22:33:41+00:00","dateModified":"2019-10-14T22:33:44+00:00","author":{"@id":"https:\/\/sentimientolatino.com\/#\/schema\/person\/1b113de606b114548a7dbe97246bf635"},"breadcrumb":{"@id":"https:\/\/sentimientolatino.com\/index.php\/2019\/10\/14\/presidente-de-la-conaie-jaime-vargas-anuncia-demandas-contra-responsable-de-muertes\/#breadcrumb"},"inLanguage":"es","potentialAction":[{"@type":"ReadAction","target":["https:\/\/sentimientolatino.com\/index.php\/2019\/10\/14\/presidente-de-la-conaie-jaime-vargas-anuncia-demandas-contra-responsable-de-muertes\/"]}]},{"@type":"ImageObject","inLanguage":"es","@id":"https:\/\/sentimientolatino.com\/index.php\/2019\/10\/14\/presidente-de-la-conaie-jaime-vargas-anuncia-demandas-contra-responsable-de-muertes\/#primaryimage","url":"https:\/\/sentimientolatino.com\/wp-content\/uploads\/2019\/10\/jaime-vargas-anucia-demandas-a-responsables-radio-sentimiento-latino-01.jpg","contentUrl":"https:\/\/sentimientolatino.com\/wp-content\/uploads\/2019\/10\/jaime-vargas-anucia-demandas-a-responsables-radio-sentimiento-latino-01.jpg","width":1200,"height":636},{"@type":"BreadcrumbList","@id":"https:\/\/sentimientolatino.com\/index.php\/2019\/10\/14\/presidente-de-la-conaie-jaime-vargas-anuncia-demandas-contra-responsable-de-muertes\/#breadcrumb","itemListElement":[{"@type":"ListItem","position":1,"name":"Portada","item":"https:\/\/sentimientolatino.com\/"},{"@type":"ListItem","position":2,"name":"Presidente de la CONAIE Jaime Vargas anuncia demandas contra responsable de muertes."}]},{"@type":"WebSite","@id":"https:\/\/sentimientolatino.com\/#website","url":"https:\/\/sentimientolatino.com\/","name":"Radio Sentimiento Latino","description":"M\u00fasica latina en tu coraz\u00f3n","potentialAction":[{"@type":"SearchAction","target":{"@type":"EntryPoint","urlTemplate":"https:\/\/sentimientolatino.com\/?s={search_term_string}"},"query-input":{"@type":"PropertyValueSpecification","valueRequired":true,"valueName":"search_term_string"}}],"inLanguage":"es"},{"@type":"Person","@id":"https:\/\/sentimientolatino.com\/#\/schema\/person\/1b113de606b114548a7dbe97246bf635","name":"Fernando Idrovo Hidalgo","image":{"@type":"ImageObject","inLanguage":"es","@id":"https:\/\/sentimientolatino.com\/#\/schema\/person\/image\/","url":"https:\/\/secure.gravatar.com\/avatar\/5bf62483600f0f52315748bb3d3dab1a?s=96&d=mm&r=g","contentUrl":"https:\/\/secure.gravatar.com\/avatar\/5bf62483600f0f52315748bb3d3dab1a?s=96&d=mm&r=g","caption":"Fernando Idrovo Hidalgo"},"url":"https:\/\/sentimientolatino.com\/index.php\/author\/sentimie\/"}]}},"_links":{"self":[{"href":"https:\/\/sentimientolatino.com\/index.php\/wp-json\/wp\/v2\/posts\/4325"}],"collection":[{"href":"https:\/\/sentimientolatino.com\/index.php\/wp-json\/wp\/v2\/posts"}],"about":[{"href":"https:\/\/sentimientolatino.com\/index.php\/wp-json\/wp\/v2\/types\/post"}],"author":[{"embeddable":true,"href":"https:\/\/sentimientolatino.com\/index.php\/wp-json\/wp\/v2\/users\/1"}],"replies":[{"embeddable":true,"href":"https:\/\/sentimientolatino.com\/index.php\/wp-json\/wp\/v2\/comments?post=4325"}],"version-history":[{"count":2,"href":"https:\/\/sentimientolatino.com\/index.php\/wp-json\/wp\/v2\/posts\/4325\/revisions"}],"predecessor-version":[{"id":4334,"href":"https:\/\/sentimientolatino.com\/index.php\/wp-json\/wp\/v2\/posts\/4325\/revisions\/4334"}],"wp:featuredmedia":[{"embeddable":true,"href":"https:\/\/sentimientolatino.com\/index.php\/wp-json\/wp\/v2\/media\/4333"}],"wp:attachment":[{"href":"https:\/\/sentimientolatino.com\/index.php\/wp-json\/wp\/v2\/media?parent=4325"}],"wp:term":[{"taxonomy":"category","embeddable":true,"href":"https:\/\/sentimientolatino.com\/index.php\/wp-json\/wp\/v2\/categories?post=4325"},{"taxonomy":"post_tag","embeddable":true,"href":"https:\/\/sentimientolatino.com\/index.php\/wp-json\/wp\/v2\/tags?post=4325"}],"curies":[{"name":"wp","href":"https:\/\/api.w.org\/{rel}","templated":true}]}}