{"id":4708,"date":"2019-11-07T22:41:45","date_gmt":"2019-11-08T03:41:45","guid":{"rendered":"https:\/\/sentimientolatino.com\/?p=4708"},"modified":"2019-11-07T22:41:49","modified_gmt":"2019-11-08T03:41:49","slug":"los-40-documentales-de-netflix-mas-impresionantes-que-tienes-que-ver","status":"publish","type":"post","link":"https:\/\/sentimientolatino.com\/index.php\/2019\/11\/07\/los-40-documentales-de-netflix-mas-impresionantes-que-tienes-que-ver\/","title":{"rendered":"Los 40 documentales de Netflix m\u00e1s impresionantes que tienes que ver."},"content":{"rendered":"\n<h4 class=\"wp-block-heading\"><strong>1. Dime qui\u00e9n soy<\/strong><\/h4>\n\n\n\n<figure class=\"wp-block-image\"><img decoding=\"async\" src=\"http:\/\/finde.latercera.com\/wp-content\/uploads\/2019\/10\/Dime-qui%C3%A9n-soy.jpg\" alt=\"Dime qui\u00e9n soy\" class=\"wp-image-113308\"\/><figcaption>Foto: Dime qui\u00e9n soy\/ Netflix<\/figcaption><\/figure>\n\n\n\n<p>\u00ab<em>Dime qui\u00e9n soy<\/em>\u00bb\u00a0es un\u00a0<strong>emotivo y franco documental de Neflix<\/strong>, que habla del abuso infantil, pero no desde la mirada de los ni\u00f1os, ni de los expertos, sino que de dos hermanos que se ven enfrentados a decirse la verdad cuando tienen m\u00e1s de 50 a\u00f1os.<\/p>\n\n\n\n<p>Es un caso real que parte cuando uno de ellos sufre un accidente en moto, a los 18 a\u00f1os, que lo hace perder completamente la memoria. Su gemelo se da la tarea de explicarle c\u00f3mo usar desde el cepillo de dientes hasta c\u00f3mo pedalear en bicicleta. As\u00ed,&nbsp;<strong>tambi\u00e9n, le inventa una ni\u00f1ez tranquila, familiar y de mucho amor.&nbsp;<\/strong><\/p>\n\n\n\n<p>Sin embargo, todo cambia cuando fallece la madre y Alex, el accidentado, se da cuenta que algo est\u00e1 mal en la historia que le cont\u00f3 su partner. Sin duda, te emocionar\u00e1s.<\/p>\n\n\n\n<p><a rel=\"noreferrer noopener\" href=\"https:\/\/www.netflix.com\/title\/80214706\" target=\"_blank\">Ver aqu\u00ed Dime qui\u00e9n soy<\/a><\/p>\n\n\n\n<h4 class=\"wp-block-heading\">2. Indocumentados<\/h4>\n\n\n\n<figure class=\"wp-block-image\"><img decoding=\"async\" src=\"http:\/\/finde.latercera.com\/wp-content\/uploads\/2019\/10\/Indocumentados-1-OK.jpg\" alt=\"\" class=\"wp-image-111711\"\/><figcaption>Indocumentados | Netflix<\/figcaption><\/figure>\n\n\n\n<p>La super estrella de la m\u00fasica pop,&nbsp;<strong>Selena G\u00f3mez<\/strong>, le hizo honor a su ascendencia mexicana para producir esta docuserie sobre el&nbsp;<strong>drama de los inmigrantes indocumentados<\/strong>&nbsp;que viven hace a\u00f1os en EE.UU., siempre bajo la amenaza de la deportaci\u00f3n.<\/p>\n\n\n\n<p>Una situaci\u00f3n que corre por igual para personas de diferentes nacionalidades y ocupaciones: trabajadores, estudiantes e incluso&nbsp;<strong>empresarios<\/strong>&nbsp;que no han conseguido sus papeles para permanecer \u201clegalmente\u201d all\u00e1, en una situaci\u00f3n que se ha agudizado bajo las pol\u00edticas de \u201ctolerancia 0\u201d de Donald Trump.<\/p>\n\n\n\n<p>Emociones y humanidad por doquier.<\/p>\n\n\n\n<p><a href=\"https:\/\/www.netflix.com\/title\/80209609\" target=\"_blank\" rel=\"noreferrer noopener\">Ver aqu\u00ed&nbsp;<em>Indocumentados<\/em><\/a><\/p>\n\n\n\n<h4 class=\"wp-block-heading\">3. Rotten<\/h4>\n\n\n\n<figure class=\"wp-block-image\"><img decoding=\"async\" src=\"http:\/\/finde.latercera.com\/wp-content\/uploads\/2019\/10\/Rotten-OK.jpg\" alt=\"Rotten 2\" class=\"wp-image-112148\"\/><figcaption>Rotten 2 | Netflix<\/figcaption><\/figure>\n\n\n\n<p>La&nbsp;<strong>segunda temporada<\/strong>&nbsp;de esta docuserie \u2014que se centra en el lado b de la producci\u00f3n y comercializaci\u00f3n de algunos alimentos\u2014 es especialmente interesante para los chilenos. Eso, porque el primer cap\u00edtulo est\u00e1 dedicado a la&nbsp;<strong>producci\u00f3n de paltas<\/strong>&nbsp;y a c\u00f3mo ello ha derivado en diferentes problemas, particularmente en California, M\u00e9xico y la V Regi\u00f3n de Chile.<\/p>\n\n\n\n<p>En el caso chileno, el documental se adentra en la&nbsp;<strong>escasez h\u00eddrica<\/strong>&nbsp;que azota a la&nbsp;<strong>Provincia de Petorca<\/strong>&nbsp;y que ha puesto en veredas opuestas a los productores de paltas y a los habitantes de ah\u00ed, quienes alegan que se est\u00e1 privilegiando el riego de grandes extensiones por sobre el derecho humano de acceso al agua.<\/p>\n\n\n\n<p>La serie trae otros interesantes episodios, como uno dedicado al \u201cnegociado\u201d del&nbsp;<strong>agua envasada<\/strong>&nbsp;y otro en que se muestran los problemas en la producci\u00f3n de vino en una regi\u00f3n de Francia.<\/p>\n\n\n\n<p><a href=\"https:\/\/www.netflix.com\/title\/80146284\" target=\"_blank\" rel=\"noreferrer noopener\">Ver aqu\u00ed&nbsp;<em>Rotten<\/em><\/a><\/p>\n\n\n\n<h4 class=\"wp-block-heading\">4.\u00a0Bill Gates Bajo la Lupa<\/h4>\n\n\n\n<figure class=\"wp-block-image\"><img decoding=\"async\" src=\"http:\/\/finde.latercera.com\/wp-content\/uploads\/2019\/09\/Bill-Gates-1-OK.jpg\" alt=\"\" class=\"wp-image-110588\"\/><figcaption>Bill Gates Bajo la Lupa | Netflix<\/figcaption><\/figure>\n\n\n\n<p>Este documental cuenta con la&nbsp;<strong>venia del empresario<\/strong>&nbsp;y, por lo tanto, no es todo lo inquisitivo que se podr\u00eda esperar cuando se trata de un personaje controvertido, acusado alguna vez de ejercer un poder monop\u00f3lico en el mundo de la computaci\u00f3n, a trav\u00e9s de su compa\u00f1\u00eda, la gigante&nbsp;<strong>Microsoft<\/strong>.<\/p>\n\n\n\n<p>Sin embargo, ofrece la posibilidad de conocer un poco m\u00e1s a este multimillonario a trav\u00e9s de su propio testimonio y el de sus cercanos, incluida su esposa y socia,&nbsp;<strong>Melinda<\/strong>.<\/p>\n\n\n\n<p>Vemos, entonces, c\u00f3mo funciona una mente que no para y que por estos d\u00edas est\u00e1 obsesionada con la&nbsp;<strong>filantrop\u00eda<\/strong>&nbsp;y con&nbsp;<strong>resolver los grandes problemas de la humanidad<\/strong>. Tres episodios entretenidos e interesantes sobre Gates y los temas que lo apasionan.<\/p>\n\n\n\n<p><a href=\"https:\/\/www.netflix.com\/title\/80184771\" target=\"_blank\" rel=\"noreferrer noopener\">Ver aqu\u00ed&nbsp;<em>Bill Gates Bajo la Lupa.<\/em><\/a><\/p>\n\n\n\n<h4 class=\"wp-block-heading\">5. Un abrazo de tres minutos<\/h4>\n\n\n\n<figure class=\"wp-block-image\"><img decoding=\"async\" src=\"http:\/\/finde.latercera.com\/wp-content\/uploads\/2019\/11\/Un-abrazo-de-tres-minutos-ok.jpg\" alt=\"\" class=\"wp-image-114620\"\/><figcaption>Foto: Netflix<\/figcaption><\/figure>\n\n\n\n<p><strong>Gael Garc\u00eda Bernal<\/strong>&nbsp;es el productor ejecutivo de este mediometraje documental, sobre un hecho in\u00e9dito que ocurri\u00f3 en 2018 en la&nbsp;<strong>frontera entre El Paso, Estados Unidos, y Ciudad Ju\u00e1rez, M\u00e9xic<\/strong>o.<\/p>\n\n\n\n<p><em>Abrazos, no muros<\/em>&nbsp;es el nombre del evento que abri\u00f3 por tres minutos la frontera, para que se pudieran reencontrar por un instantes&nbsp;<strong>familias separadas por las pol\u00edticas migratorias de Trump<\/strong>.<\/p>\n\n\n\n<p>Un registro breve y emotivo, que logra transmitir toda la angustia de estas familias que se reencuentran en un sentido abrazo.<\/p>\n\n\n\n<p><a href=\"https:\/\/www.netflix.com\/cl\/title\/80244679\" target=\"_blank\" rel=\"noreferrer noopener\">Puedes ver el documental ac\u00e1.<\/a><\/p>\n\n\n\n<h4 class=\"wp-block-heading\">6. American Factory<\/h4>\n\n\n\n<figure class=\"wp-block-image\"><img decoding=\"async\" src=\"http:\/\/finde.latercera.com\/wp-content\/uploads\/2019\/08\/AF_Theatrical-Release_1.jpg\" alt=\"\" class=\"wp-image-106712\"\/><figcaption>Foto: American Factory\/ Netflix.<\/figcaption><\/figure>\n\n\n\n<p>Es el primer\u00a0documental producido por Barack y Michelle Obama, el ex presidente y ex primera dama de EE.UU., quienes se lanzaron en la cinematograf\u00eda con este filme que cuestionan las leyes laborales del pa\u00eds del norte.<\/p>\n\n\n\n<p><strong>American Factory<\/strong>&nbsp;se centra en lo que sucedi\u00f3 en Ohio, luego que cerrara la f\u00e1brica de General Motors en 2008, que dej\u00f3 a miles de personas cesantes, pero tambi\u00e9n avanza al presente, para mostrar lo que ocurre en Fuyao Glass America, la f\u00e1brica de vidrios para autos que se instal\u00f3 en el mismo lugar.<\/p>\n\n\n\n<p>Todo, para explicar c\u00f3mo han ido flaqueando los derechos de los trabajadores, pero tambi\u00e9n el problema que se avecina: la automatizaci\u00f3n que reemplazar\u00e1 a los humanos por m\u00e1quinas y que, por supuesto, generar\u00e1 m\u00e1s desempleo si no se hacen pol\u00edticas adecuadas.<\/p>\n\n\n\n<p><a href=\"https:\/\/www.netflix.com\/title\/81090071\" target=\"_blank\" rel=\"noreferrer noopener\">Ver aqu\u00ed American Factory<\/a><\/p>\n\n\n\n<h4 class=\"wp-block-heading\">7. Diagn\u00f3sticos: Casos sin resolver<\/h4>\n\n\n\n<figure class=\"wp-block-image\"><img decoding=\"async\" src=\"http:\/\/finde.latercera.com\/wp-content\/uploads\/2019\/08\/Diagnosis-3-OK.jpg\" alt=\"\" class=\"wp-image-106429\"\/><figcaption>Foto: Diagn\u00f3stico | Netflix<\/figcaption><\/figure>\n\n\n\n<p>El verdadero Doctor House no es hombre y no es malhumorado, sino que es una mujer que escribe columnas m\u00e9dicas para The New York Times. \u00bfSu nombre? Lisa Sanders.<\/p>\n\n\n\n<p>Esta doctora es quien estren\u00f3 la docuserie de Netflix,&nbsp;<a href=\"http:\/\/finde.latercera.com\/series-y-peliculas\/diagnostico-casos-sin-resolver-diagnosis-netflix-doctor-house-lisa-sanders\/\" target=\"_blank\" rel=\"noreferrer noopener\">Diagn\u00f3sticos: Casos sin resolver<\/a>, que presenta siete&nbsp;<strong>extra\u00f1os casos sacados de la vida real<\/strong>, es decir, sin una gota de ficci\u00f3n.<\/p>\n\n\n\n<p>Lo hizo para mostrar c\u00f3mo es su trabajo a diario, sobre todo cuando se encuentra con extra\u00f1as dolencias, a las que es mejor observarlas entre varios m\u00e9dicos para dar con el diagn\u00f3stico acertado.<\/p>\n\n\n\n<p>Ojo: ella estuvo detr\u00e1s del gui\u00f3n de la famosa serie.<\/p>\n\n\n\n<p><a href=\"https:\/\/www.netflix.com\/title\/80201543\" target=\"_blank\" rel=\"noreferrer noopener\">Ver aqu\u00ed Diagn\u00f3stico: Casos sin resolver<\/a><\/p>\n\n\n\n<h4 class=\"wp-block-heading\">8.&nbsp;&nbsp;Rolling Thunder Revue<\/h4>\n\n\n\n<figure class=\"wp-block-image\"><img decoding=\"async\" src=\"http:\/\/finde.latercera.com\/wp-content\/uploads\/2019\/06\/Rolling-Thunder-Revue-3-ok.jpg\" alt=\"\" class=\"wp-image-96900\"\/><figcaption>Foto: Netflix<\/figcaption><\/figure>\n\n\n\n<p>Fue uno de los documentales de Netflix m\u00e1s esperados de 2019. Y c\u00f3mo no, si\u00a0<em>Rolling Thunder Revue<\/em>, junta el director\u00a0Martin Scorsese, y al m\u00fasico y Premio Nobel de Literatura, Bob Dylan.<\/p>\n\n\n\n<p>Todo para exhibir detalles del&nbsp;<strong>tour que Dylan y otras estrellas de la \u00e9poca<\/strong>, como Joan Baez y Allen Ginsberg, hicieron por EE.UU. y Canad\u00e1, una especie de show de variedades que inclu\u00eda la presentaci\u00f3n de&nbsp;poetas, dramaturgos y otros personajes de la contracultura de los a\u00f1os 70.<\/p>\n\n\n\n<p>Con una mezcla de ficci\u00f3n y realidad, en esta cinta se puede ver la primera entrevista que Dylan concede en a\u00f1os, pero que tal como su eclipsante personalidad,&nbsp;sus respuestas dejan m\u00e1s dudas que certezas. Imperdible.<\/p>\n\n\n\n<p><a href=\"https:\/\/www.netflix.com\/title\/80221016\" target=\"_blank\" rel=\"noreferrer noopener\">Ver aqu\u00ed Rolling Thunder Revue<\/a><\/p>\n\n\n\n<h4 class=\"wp-block-heading\">9. The Family<\/h4>\n\n\n\n<figure class=\"wp-block-image\"><img decoding=\"async\" src=\"http:\/\/finde.latercera.com\/wp-content\/uploads\/2019\/08\/The-Family-1.jpg\" alt=\"\" class=\"wp-image-105855\"\/><figcaption>Foto: The Family\/ Netflix<\/figcaption><\/figure>\n\n\n\n<p>At\u00f3nito. As\u00ed terminar\u00e1s al ver\u00a0esta serie documental\u00a0que muestra c\u00f3mo una\u00a0<strong>organizaci\u00f3n cristiana estadounidense<\/strong>\u00a0conocida como la Familia, despliega sus tent\u00e1culos hacia las c\u00fapulas de poder, influyendo m\u00e1s all\u00e1 de lo imaginable en congresistas y l\u00edderes del mundo.<\/p>\n\n\n\n<p>Sigilosos, casi invisibles, se mueven por los c\u00edrculos de los poderosos para imponer sus ideas conservadoras, liderados hasta 2017 por&nbsp;<strong>Doug Coe<\/strong>, nombrado uno de los evang\u00e9licos m\u00e1s influyentes de EE.UU. en 2005.<\/p>\n\n\n\n<p>Vale la pena ver c\u00f3mo esta organizaci\u00f3n se hizo un espacio entre&nbsp;<strong>republicanos y dem\u00f3cratas<\/strong>, sin distinci\u00f3n, en una trama que da para novela.<\/p>\n\n\n\n<p><a href=\"https:\/\/www.netflix.com\/title\/80063867\" target=\"_blank\" rel=\"noreferrer noopener\">Ver aqu\u00ed&nbsp;<em>The Family<\/em><\/a><\/p>\n\n\n\n<h4 class=\"wp-block-heading\">10. Nada es Privado<\/h4>\n\n\n\n<figure class=\"wp-block-image\"><img decoding=\"async\" src=\"http:\/\/finde.latercera.com\/wp-content\/uploads\/2019\/07\/The_Great_Hack_01_41_03_12r-ok.jpg\" alt=\"\" class=\"wp-image-103882\"\/><figcaption>Nada es Privado | Netflix<\/figcaption><\/figure>\n\n\n\n<p>Este documental prende las alarmas\u00a0para que estemos atentos a lo que ocurre en las\u00a0<strong>redes sociales<\/strong>. Muestra el lado m\u00e1s siniestro de los datos personales y de c\u00f3mo estos se transforman en una amenaza cuando no hay control sobre ellos.<\/p>\n\n\n\n<p>Se centra en el esc\u00e1ndalo de&nbsp;<strong>Cambridge Analytics<\/strong>, la empresa de asesor\u00eda pol\u00edtica acusada de usar malamente&nbsp;<strong>datos de Facebook<\/strong>&nbsp;para influir en campa\u00f1as como la del&nbsp;<strong>Brexit<\/strong>, en Reino Unido, y la presidencial que ganara&nbsp;<strong>Donald Trump<\/strong>&nbsp;en 2014.<\/p>\n\n\n\n<p>Un interesant\u00edsimo registro que cuenta con los testimonios de j\u00f3venes que trabajaron en esa empresa (como&nbsp;<strong>Brittany Kaiser<\/strong>, en la foto), de&nbsp;<strong>periodistas que denunciaron el esc\u00e1ndalo<\/strong>&nbsp;y de acad\u00e9micos que alertan a la poblaci\u00f3n para que sea m\u00e1s cuidadosa con la informaci\u00f3n que sube a la web.<\/p>\n\n\n\n<p><a href=\"https:\/\/www.netflix.com\/Title\/80117542\" target=\"_blank\" rel=\"noreferrer noopener\">Ver aqu\u00ed&nbsp;<em>Nada es Privado<\/em><\/a><\/p>\n\n\n\n<h4 class=\"wp-block-heading\">11. Los \u00daltimos Zares<\/h4>\n\n\n\n<figure class=\"wp-block-image\"><img decoding=\"async\" src=\"http:\/\/finde.latercera.com\/wp-content\/uploads\/2019\/07\/Los-Ultimos-Zares-OK.jpg\" alt=\"\" class=\"wp-image-101897\"\/><figcaption>Foto: Netflix<\/figcaption><\/figure>\n\n\n\n<p>Esta\u00a0serie mezcla la ficci\u00f3n con la historia de una forma muy entretenida. Relata los \u00faltimos a\u00f1os de la familia\u00a0<strong>Romanov<\/strong>, la dinast\u00eda de zares que gobern\u00f3 Rusia hasta comienzos del siglo XX.<\/p>\n\n\n\n<p>Si bien tiene errores \u2014y algunos rusos est\u00e1n enojados por ello con la producci\u00f3n\u2014, los episodios de esta serie se encargan de ir contando c\u00f3mo&nbsp;<strong>Nicol\u00e1s II y su familia<\/strong>&nbsp;fueron cayendo en el descr\u00e9dito, mientras las escenas se intercalan con las&nbsp;<strong>opiniones y datos de historiadores<\/strong>&nbsp;bastante reputados, lo que le da m\u00e1s densidad a la trama.<\/p>\n\n\n\n<p>Un buen intento por hacer de la historia algo muy digerible y para todo tipo de p\u00fablicos.<\/p>\n\n\n\n<p><a href=\"https:\/\/www.netflix.com\/title\/80211648\" target=\"_blank\" rel=\"noreferrer noopener\">Ver aqu\u00ed&nbsp;<em>Los \u00daltimos Zares<\/em><\/a><\/p>\n\n\n\n<h4 class=\"wp-block-heading\">12. Las Cr\u00f3nicas del Taco<\/h4>\n\n\n\n<figure class=\"wp-block-image\"><img decoding=\"async\" src=\"http:\/\/finde.latercera.com\/wp-content\/uploads\/2019\/07\/Las-cr%C3%B3nicas-del-taco-4.jpg\" alt=\"\" class=\"wp-image-102238\"\/><figcaption>Las cr\u00f3nicas del taco | Netflix.<\/figcaption><\/figure>\n\n\n\n<p>En seis cap\u00edtulos de cerca de media hora cada uno,&nbsp;<a href=\"http:\/\/finde.latercera.com\/series-y-peliculas\/las-cronicas-del-taco-serie-netflix\/\">esta docuserie da a conocer el origen y las mejores preparaciones<\/a>&nbsp;de este&nbsp;<strong>plato tan t\u00edpico de M\u00e9xico<\/strong>,&nbsp;desde el \u201ctaco pastor\u201d, tradicional de Ciudad de M\u00e9xico, hasta el de&nbsp;<strong>\u201ccarnitas\u201d<\/strong>, que se cocina como los dioses en Michoac\u00e1n.<\/p>\n\n\n\n<p><strong>Chefs, historiadores y antrop\u00f3logos<\/strong>&nbsp;intervienen en esta producci\u00f3n, una que te har\u00e1 salivar y correr por unos tacos al restaurante m\u00e1s cercano.<\/p>\n\n\n\n<p><a href=\"https:\/\/www.netflix.com\/title\/81040704\" target=\"_blank\" rel=\"noreferrer noopener\">Ver aqu\u00ed&nbsp;<em>Las Cr\u00f3nicas del Taco<\/em><\/a><\/p>\n\n\n\n<h4 class=\"wp-block-heading\">13. El Hombre, el Monstruo, el Misterio<\/h4>\n\n\n\n<figure class=\"wp-block-image\"><img decoding=\"async\" src=\"http:\/\/finde.latercera.com\/wp-content\/uploads\/2019\/07\/El-hombre-el-monstruo-el-misterio-1.jpg\" alt=\"\" class=\"wp-image-102443\"\/><figcaption>Foto: Netflix<\/figcaption><\/figure>\n\n\n\n<p><em>Mockumentary<\/em>\u00a0se les llama a los falsos documentales, esos que simulan escenas como si fueran reales, para recoger historias que presentadas de otra forma ser\u00edan una lata. Es el caso de\u00a0esta producci\u00f3n que tiene como protagonista a\u00a0<strong>David Harbour<\/strong>, el actor que se hiciera mundialmente conocido como el sheriff de\u00a0<em>Stranger Things<\/em>.<\/p>\n\n\n\n<p>Aqu\u00ed, Harbour explora en la historia de su familia, espec\u00edficamente en la de&nbsp;<strong>su padre<\/strong>, quien tambi\u00e9n fuera actor, uno que llev\u00f3 a escena una peculiar versi\u00f3n de&nbsp;<strong><em>Frankenstein<\/em><\/strong>.<\/p>\n\n\n\n<p>Una muy divertida s\u00e1tira e interesante registro que homenajea a un hombre incomprendido y muy particular, en una producci\u00f3n con un buen&nbsp;<em>look and feel<\/em>&nbsp;de falso documental.<\/p>\n\n\n\n<p><a href=\"https:\/\/www.netflix.com\/title\/81003981\" target=\"_blank\" rel=\"noreferrer noopener\">Ver aqu\u00ed&nbsp;<em>El hombre, el monstruo, el misterio<\/em><\/a><\/p>\n\n\n\n<h4 class=\"wp-block-heading\">14. Al Filo de la Democracia<\/h4>\n\n\n\n<figure class=\"wp-block-image\"><img decoding=\"async\" src=\"http:\/\/finde.latercera.com\/wp-content\/uploads\/2019\/06\/Al-Filo-de-la-Democracia-OK.jpg\" alt=\"\" class=\"wp-image-97894\"\/><\/figure>\n\n\n\n<p>Este registro da cuenta de la&nbsp;<strong>crisis institucional y pol\u00edtica<\/strong>&nbsp;que ha vivido Brasil en los \u00faltimos a\u00f1os, todo bajo el prisma de la destacada directora&nbsp;<strong>Petra Costa<\/strong>, quien va describiendo los acontecimientos con esp\u00edritu pedag\u00f3gico y con una visi\u00f3n realista y desesperanzadora de lo que viene en su pa\u00eds hacia adelante.<\/p>\n\n\n\n<p><a href=\"http:\/\/finde.latercera.com\/series-y-peliculas\/al-filo-de-la-democracia-the-edge-of-democracy-netflix\/\">Un filme que vale la pena ver<\/a>&nbsp;sobre todo si te interesa lo que est\u00e1 pasando en ese importante pa\u00eds de Sudam\u00e9rica, uno que en el primer gobierno de Lula da Silva estaba en gran pie, pero que de a poco se ha ido desmoronando gracias especialmente a los&nbsp;<strong>esc\u00e1ndalos de corrupci\u00f3n<\/strong>.<\/p>\n\n\n\n<p><a href=\"https:\/\/www.netflix.com\/title\/80190535\" target=\"_blank\" rel=\"noreferrer noopener\">Ver aqu\u00ed&nbsp;<em>Al filo de la democracia<\/em><\/a><\/p>\n\n\n\n<h4 class=\"wp-block-heading\">15. Killer Ratings<\/h4>\n\n\n\n<figure class=\"wp-block-image\"><img decoding=\"async\" src=\"http:\/\/finde.latercera.com\/wp-content\/uploads\/2019\/05\/KR-OK.jpg\" alt=\"\" class=\"wp-image-95252\"\/><figcaption>Killer Ratings | Netflix<\/figcaption><\/figure>\n\n\n\n<p>Otra\u00a0producci\u00f3n brasile\u00f1a\u00a0que impacta al mostrar el caso de\u00a0<strong>Wallace Souza<\/strong>, un presentador de TV de la ciudad de Manaos, que se transform\u00f3 en un \u00eddolo, en un h\u00e9roe popular que a trav\u00e9s de su programa luchaba contra el crimen.<\/p>\n\n\n\n<p>Lo que no estaba en sus c\u00e1lculos era que se lo acusar\u00eda de planear los cr\u00edmenes que mostraba en pantalla con singular crudeza, con el objetivo de&nbsp;<strong>subir el rating y ganar adeptos<\/strong>. De hecho, fue electo diputado con una gran votaci\u00f3n.<\/p>\n\n\n\n<p>Testimonios a favor y en contra de Souza, investigaciones period\u00edsticas, varias entrevistas y una construcci\u00f3n dram\u00e1tica interesante dan como resultado un documental&nbsp;<strong>tan intrigante como sorprendente<\/strong>, que se divide en siete entretenidos episodios.<\/p>\n\n\n\n<p><a href=\"https:\/\/www.netflix.com\/title\/80217946\" target=\"_blank\" rel=\"noreferrer noopener\">Ver aqu\u00ed&nbsp;<em>Killer Ratings<\/em><\/a><\/p>\n\n\n\n<h4 class=\"wp-block-heading\">16. The Black Godfather<\/h4>\n\n\n\n<figure class=\"wp-block-image\"><img decoding=\"async\" src=\"http:\/\/finde.latercera.com\/wp-content\/uploads\/2019\/06\/The-Black-Godfather-ok.jpg\" alt=\"\" class=\"wp-image-96434\"\/><figcaption>The Black Godfather | Netflix<\/figcaption><\/figure>\n\n\n\n<p><strong>Clarence Avant<\/strong>&nbsp;es un personaje tan influyente que algunos lo llaman \u201cthe black godfather\u201d o \u201cel padrino negro\u201c. Un manager, ejecutivo y empresario musical sin mucha educaci\u00f3n formal que tuvo harto que ver en las vidas de&nbsp;<strong>Michael Jackson y Barak Obama<\/strong>, entre otros.<\/p>\n\n\n\n<p>H\u00e1bil negociador, lo suyo fue conseguir siempre&nbsp;<strong>suculentos contratos<\/strong>&nbsp;para sus representados o&nbsp;<strong>aportes millonarios<\/strong>&nbsp;para las campa\u00f1as pol\u00edticas de importantes l\u00edderes del Partido Dem\u00f3crata.<\/p>\n\n\n\n<p>En casi dos horas, Netflix se encarga de presentar a este hombre que siempre permaneci\u00f3 en las sombras. Un documental interesante, pero que resulta algo plano por momentos.<\/p>\n\n\n\n<p><a href=\"https:\/\/www.netflix.com\/title\/80173387\" target=\"_blank\" rel=\"noreferrer noopener\">Ver aqu\u00ed&nbsp;<em>The Black Godfather<\/em><\/a><\/p>\n\n\n\n<h4 class=\"wp-block-heading\">17. A la Conquista del Congreso (Knock Down The House)<\/h4>\n\n\n\n<figure class=\"wp-block-image\"><img decoding=\"async\" src=\"http:\/\/finde.latercera.com\/wp-content\/uploads\/2019\/05\/Knock_Down_The_House-OK.jpg\" alt=\"\" class=\"wp-image-90853\"\/><figcaption>A la Conquista del Congreso | Netflix<\/figcaption><\/figure>\n\n\n\n<p>Si ya es dif\u00edcil que las mujeres ocupen cargos de poder en pol\u00edtica, m\u00e1s a\u00fan lo es cuando vienen desde fuera del sistema. Ese es el tema de este entretenido documental que muestra&nbsp;<strong>la carrera hacia el Congreso de EE.UU. de cuatro mujeres<\/strong>&nbsp;que vienen llegando a ese mundillo, por causas nobles y representando la voz de los sin voz.<\/p>\n\n\n\n<p>Una de ellas es&nbsp;<strong>Alexandria Ocasio-Cortez<\/strong>, una joven de ascendencia puertorrique\u00f1a que disput\u00f3 las primarias del Partido Dem\u00f3crata con un congresista de vasta experiencia, le gan\u00f3 y luego lleg\u00f3 al Congreso con tan solo 28 a\u00f1os, transform\u00e1ndose en una prometedora figura de la pol\u00edtica estadounidense.<\/p>\n\n\n\n<p>Buen material de archivo e interesantes entrevistas para conocer a este pu\u00f1ado de valerosas mujeres.<\/p>\n\n\n\n<p><a href=\"https:\/\/www.netflix.com\/title\/81080637\" target=\"_blank\" rel=\"noreferrer noopener\">Ver aqu\u00ed&nbsp;<em>Knock Down The House&nbsp;<\/em><\/a><\/p>\n\n\n\n<h4 class=\"wp-block-heading\">18. Grass is Greener<\/h4>\n\n\n\n<figure class=\"wp-block-image\"><img decoding=\"async\" src=\"http:\/\/finde.latercera.com\/wp-content\/uploads\/2019\/04\/Grass_Is_Greener_2-OK.jpg\" alt=\"\" class=\"wp-image-89747\"\/><figcaption>Grass is Greener | Netflix<\/figcaption><\/figure>\n\n\n\n<p>En este interesante documental se analiza la&nbsp;<strong>relaci\u00f3n de Estados Unidos con la cannabis<\/strong>, una historia complicada y llena de vericuetos. Es, adem\u00e1s, el debut como director del pionero del hip hop&nbsp;<strong>Fab 5 Freddy<\/strong>, quien presenta una mirada diferente, una que relaciona a la marihuana y su criminalizaci\u00f3n con el racismo.<\/p>\n\n\n\n<p>Nombre ilustres como&nbsp;<strong>Snoop Dogg<\/strong>,&nbsp;<strong>B-Real<\/strong>&nbsp;de Cypress Hill y&nbsp;<strong>Damian Marley<\/strong>, m\u00e1s expertos de diferentes \u00e1reas, hablan de la influencia de la \u201chierba\u201d en la m\u00fasica y la cultura pop, adem\u00e1s del impacto que ha tenido su persecuci\u00f3n en las comunidades negras y latinas.<\/p>\n\n\n\n<p>Un relevante ejercicio que plantea&nbsp;<strong>otro punto de vista<\/strong>&nbsp;para debatir sobre este tema siempre pol\u00e9mico.<\/p>\n\n\n\n<p><a href=\"https:\/\/www.netflix.com\/title\/80213712\" target=\"_blank\" rel=\"noreferrer noopener\">Ver aqu\u00ed&nbsp;<em>Grass is Greener<\/em><\/a><\/p>\n\n\n\n<h4 class=\"wp-block-heading\">19. Our Planet (Nuestro Planeta)<\/h4>\n\n\n\n<figure class=\"wp-block-image\"><img decoding=\"async\" src=\"http:\/\/finde.latercera.com\/wp-content\/uploads\/2019\/03\/OURPLANET_LJ_BENMACDONALD.jpg\" alt=\"documental Nuestro Planeta de Netflix\" class=\"wp-image-83939\"\/><figcaption>Foto por Ben Macdonald para&nbsp;<em>Nuestro Planeta<\/em>&nbsp;| Netflix<\/figcaption><\/figure>\n\n\n\n<p>Muchos ya han catalogado a este documental como una verdadera&nbsp;<strong>obra de arte<\/strong>, un homenaje a nuestro planeta, a su naturaleza desbordante y, al mismo tiempo, un&nbsp;<strong>llamado de atenci\u00f3n<\/strong>&nbsp;para que lo cuidemos y no sigamos devast\u00e1ndolo.<\/p>\n\n\n\n<p>La producci\u00f3n es de marca mayor y retrata la naturaleza en todo el orbe, en lugares rec\u00f3nditos, en rincones inesperados. Un equipo del m\u00e1s alto nivel desarroll\u00f3 las filmaciones, encabezado&nbsp;<strong>Keith Scholey y Alastair Fothergill<\/strong>, que se llevaron cuatro Emmy por su documental&nbsp;<em>Planeta Tierra<\/em>, realizado para la BBC.<\/p>\n\n\n\n<p>El relato en off est\u00e1 a cargo de&nbsp;<strong>Sir David Attenborough<\/strong>, cient\u00edfico brit\u00e1nico reconocido por ser uno de los mayores divulgadores del mundo natural en el mundo, quien narra de forma perfecta la versi\u00f3n original de este documental (el doblaje para Latinoam\u00e9rica lo hizo la actriz Salma Hayek).<\/p>\n\n\n\n<p>Son&nbsp;<strong>ocho cap\u00edtulos (<\/strong>uno introductorio, seguido de&nbsp;<em>Mundo Congelados<\/em>,&nbsp;<em>Las Selvas<\/em>,&nbsp;<em>Aguas Costeras<\/em>,&nbsp;<em>Desde los desiertos a las praderas<\/em>,&nbsp;<em>Alta Mar<\/em>,&nbsp;<em>Agua Dulce<\/em>&nbsp;y&nbsp;<em>Los Bosques<\/em>) que asombran por su belleza y que tambi\u00e9n preocupan: varias escenas, dram\u00e1ticas y conmovedoras, dan cuenta de que el&nbsp;<strong>deterioro del planeta<\/strong>&nbsp;es caso serio.<\/p>\n\n\n\n<p><a href=\"https:\/\/www.netflix.com\/title\/80049832\" target=\"_blank\" rel=\"noreferrer noopener\">Ver aqu\u00ed&nbsp;<em>Our Planet<\/em><\/a><\/p>\n\n\n\n<h4 class=\"wp-block-heading\">20. Period. End of Sentence<\/h4>\n\n\n\n<figure class=\"wp-block-image\"><img decoding=\"async\" src=\"http:\/\/finde.latercera.com\/wp-content\/uploads\/2019\/02\/period-end-of-sentence-Netflix-1.jpg\" alt=\"Documental de Netflix sobre la menstruaci\u00f3n\" class=\"wp-image-81357\"\/><figcaption>Period. End of Sentence | Netflix<\/figcaption><\/figure>\n\n\n\n<p><strong>Ganadora del Oscar a Mejor Corto Documental<\/strong>,\u00a0esta producci\u00f3n\u00a0original de Netflix deja una mezcla de sensaciones a sus espectadores en tan s\u00f3lo 26 minutos.<\/p>\n\n\n\n<p>Narra la historia de un grupo de mujeres de la India que, a trav\u00e9s de una donaci\u00f3n, reciben unas peque\u00f1as m\u00e1quinas para fabricar toallas higi\u00e9nicas. Con esto, aprenden a crear estos elementos tan esenciales para las mujeres, todo con materia prima local.<\/p>\n\n\n\n<p>Es un&nbsp;<strong>relato emocionante y conmovedor de empoderamiento femenino<\/strong>, donde las propias mujeres toman las riendas de la situaci\u00f3n y deciden trabajar para vender las toallas a todas en el pueblo.<\/p>\n\n\n\n<p>Esto se contrasta bastante con la realidad&nbsp; de India, donde la menstruaci\u00f3n es sin\u00f3nimo de tab\u00fa y se evidencia la falta de educaci\u00f3n sobre el cuerpo femenino. Una producci\u00f3n de Netflix que, sin duda, vale la pena ver.<\/p>\n\n\n\n<p><a href=\"https:\/\/www.netflix.com\/title\/81074663\" target=\"_blank\" rel=\"noreferrer noopener\">Mira&nbsp;<em>Period. End of Sentence<\/em>&nbsp;ac\u00e1.<\/a><\/p>\n\n\n\n<h4 class=\"wp-block-heading\">21. Terra<\/h4>\n\n\n\n<figure class=\"wp-block-image\"><img decoding=\"async\" src=\"http:\/\/finde.latercera.com\/wp-content\/uploads\/2019\/01\/ESTA-Terra-documental-Netflix.jpg\" alt=\"\" class=\"wp-image-78880\"\/><figcaption>Terra<\/figcaption><\/figure>\n\n\n\n<p>\u00bfCu\u00e1l es la relaci\u00f3n del ser humano con la Tierra? \u00bfC\u00f3mo se forjaron las relaciones que hasta hoy la humanidad mantiene con las otras especies?<\/p>\n\n\n\n<p>Esas son las preguntas que intenta responder este&nbsp;<strong>espectacular documental sobre la naturaleza,&nbsp;<\/strong>estrenado en 2015 y dirigido por los franceses&nbsp;Yann Arthus-Bertrand, Michael Pitiot.<\/p>\n\n\n\n<p>Sumergi\u00e9ndose en las profundidades del oc\u00e9ano, explorando los impenetrables bosques nativos de la Amazon\u00eda y aventur\u00e1ndose en la salvaje sabana africana,&nbsp;<strong><em>Terra&nbsp;<\/em>es un retrato que, con exquisita fotograf\u00eda<\/strong>&nbsp;(y macro fotograf\u00eda) y avanzadas t\u00e9cnicas de video,&nbsp;<strong>se cuestiona lo poco humano que es el hombre actual y lo separado que est\u00e1 de sus ra\u00edces y de la vida misma<\/strong>.<\/p>\n\n\n\n<p><strong>Un documental con un relato potente y cr\u00edtico, que es todo un deleite visual<\/strong>&nbsp;pensado para todo aquel que se considere un amante de la naturaleza.<\/p>\n\n\n\n<p><a href=\"https:\/\/www.netflix.com\/title\/80102305\" target=\"_blank\" rel=\"noreferrer noopener\">Mira&nbsp;<em>Terra&nbsp;<\/em>ac\u00e1.<\/a><\/p>\n\n\n\n<h4 class=\"wp-block-heading\">22. La desaparici\u00f3n de Madeleine McCann<\/h4>\n\n\n\n<figure class=\"wp-block-image\"><img decoding=\"async\" src=\"http:\/\/finde.latercera.com\/wp-content\/uploads\/2019\/03\/Madaleine-McCann.jpg\" alt=\"\" class=\"wp-image-83715\"\/><figcaption>Madelaine McCann<\/figcaption><\/figure>\n\n\n\n<p>El viernes 15 de marzo de 2019 Netflix estreno\u00a0esta serie documental\u00a0de ocho episodios que intenta explicar, explorando todas las aristas posibles, el misterioso caso sobre la desaparici\u00f3n de Madeleine McCann, una ni\u00f1a brit\u00e1nicas de 3 a\u00f1os, mientras vacacionaba junto a sus padres en un lujoso resort al sur de Portugal.<\/p>\n\n\n\n<p>\u00bfSecuestro, encubrimiento o un error cometido por alguien? \u00bfQui\u00e9n es el verdadero culpable de la desaparici\u00f3n de la peque\u00f1a Madeleine?<\/p>\n\n\n\n<p>Una serie documental que los amantes de las historias policiales devorar\u00e1n.<\/p>\n\n\n\n<p><a href=\"https:\/\/www.netflix.com\/watch\/80195123\/\" target=\"_blank\" rel=\"noreferrer noopener\">Mira&nbsp;<em>La desaparici\u00f3n de Madeleine McCann&nbsp;<\/em>ac\u00e1.<\/a><\/p>\n\n\n\n<h4 class=\"wp-block-heading\">23. Wild Wild Country<\/h4>\n\n\n\n<figure class=\"wp-block-image\"><img decoding=\"async\" src=\"http:\/\/finde.latercera.com\/wp-content\/uploads\/2019\/01\/Wild-wild-country-Netflix-1.jpg\" alt=\"\" class=\"wp-image-78878\"\/><figcaption>Wild Wild Country | Netflix<\/figcaption><\/figure>\n\n\n\n<p>No es exagerado decir que al ver este documental quedar\u00e1s&nbsp;<strong>pasmado<\/strong>, en shock, porque lo que uno cre\u00eda un grupo de fieles amorosos y pac\u00edficos, con el andar de los cap\u00edtulos se va develando como una&nbsp;<strong>secta mundana y extra\u00f1a<\/strong>, con una&nbsp;<strong>historia oscura<\/strong>&nbsp;detr\u00e1s.<\/p>\n\n\n\n<p>La protagonista de la serie es una agrupaci\u00f3n religiosa de origen indio que se expandi\u00f3 por el mundo en los 80, captando a miles de profesionales influyentes y millonarios gracias al carisma de su l\u00edder,&nbsp;<strong>Bhagwan Shree Rajneesh<\/strong>, tambi\u00e9n conocido como&nbsp;<strong>Osho<\/strong>.<\/p>\n\n\n\n<p>Lo de \u00e9l y su mano derecha, la glacial y calculadora&nbsp;<strong>Sheela<\/strong>, no s\u00f3lo fue filosof\u00eda, sino tambi\u00e9n negocios turbios y otros delitos, especialmente cuando traslad\u00f3 su secta hasta una peque\u00f1a localidad de&nbsp;<strong>Oregon, EE.UU.<\/strong>, y levant\u00f3 una ciudad haciendo intentos desesperados por desplazar a los habitantes originales del lugar.<\/p>\n\n\n\n<p>Un documental que sorprende a cada minuto y que muestra las&nbsp;<strong>intrigas<\/strong>&nbsp;y la danza de millones que envolvi\u00f3 a esta comunidad religiosa.<\/p>\n\n\n\n<p><a href=\"https:\/\/www.netflix.com\/title\/80145240\" target=\"_blank\" rel=\"noreferrer noopener\">Mira&nbsp;<em>Wild Wild Country&nbsp;<\/em>ac\u00e1.<\/a><\/p>\n\n\n\n<h4 class=\"wp-block-heading\">24. ReMastered: Masacre en el Estadio<\/h4>\n\n\n\n<figure class=\"wp-block-image\"><img decoding=\"async\" src=\"http:\/\/finde.latercera.com\/wp-content\/uploads\/2019\/01\/Victor-Jara-Netflix-1-ok.jpg\" alt=\"\" class=\"wp-image-75908\"\/><figcaption>ReMastered: Masacre en el estadio | Netflix<\/figcaption><\/figure>\n\n\n\n<p>\u00bfQui\u00e9n mat\u00f3 a&nbsp;<strong>V\u00edctor Jara<\/strong>? En&nbsp;<a href=\"http:\/\/finde.latercera.com\/series-y-peliculas\/masacre-en-el-estadio-netflix-victor-jara\/\">este documental<\/a>&nbsp;de Netflix, uno de los estrenos m\u00e1s comentados de este a\u00f1o, se busca resolver uno de los cr\u00edmenes m\u00e1s recordados de la historia chilena reciente.<\/p>\n\n\n\n<p><em>Masacre en el estadio<\/em>&nbsp;es el \u00faltimo episodio de&nbsp;<em>ReMastered<\/em>, una serie documental dedicada a casos nos resueltos del mundo de la m\u00fasica.<\/p>\n\n\n\n<p>En este caso, van tras las pistas del&nbsp;<strong>asesinato del cantautor y activista chileno<\/strong>, quien fue acribillado tras el Golpe Militar de septiembre de 1973.<\/p>\n\n\n\n<p>Desde su viuda, Joan Jara, hasta quien es acusado como autor material del crimen, un exoficial del Ej\u00e9rcito, hablan en este documental cargado de emotividad, muy necesario para entender una de las muertes m\u00e1s injustas y lloradas.<\/p>\n\n\n\n<p><a href=\"https:\/\/www.netflix.com\/title\/80191048\" target=\"_blank\" rel=\"noreferrer noopener\">Mira&nbsp;<em>ReMastered: Masacre en el Estadio&nbsp;<\/em>ac\u00e1.<\/a><\/p>\n\n\n\n<h4 class=\"wp-block-heading\">25. \u00cdcaro<\/h4>\n\n\n\n<figure class=\"wp-block-image\"><img decoding=\"async\" src=\"http:\/\/finde.latercera.com\/wp-content\/uploads\/2019\/01\/Icaro-netflix-1.jpg\" alt=\"\" class=\"wp-image-78869\"\/><figcaption>\u00cdcaro | Netflix<\/figcaption><\/figure>\n\n\n\n<p>Seguro recuerdas el<strong>&nbsp;gran esc\u00e1ndalo del deporte en 2015<\/strong>, cuando se destap\u00f3 que&nbsp;<strong>cientos de deportistas rusos usaban drogas y hormonas<\/strong>&nbsp;para mejorar su rendimiento al competir.<\/p>\n\n\n\n<p>En esta \u201cmafia\u201d no s\u00f3lo estaban involucrados los deportistas, sino tambi\u00e9n las&nbsp;<strong>autoridades del gobierno ruso<\/strong>&nbsp;que auspiciaron a los competidores, adem\u00e1s de los laboratorios m\u00e1s importantes del mundo que manipulaban las pruebas para ocultar el dopaje.<\/p>\n\n\n\n<p>Este documental, intrigante y emocionante por sus giros en la historia y desenlaces inesperados, muestra las consecuencias del esc\u00e1ndalo en Rusia a trav\u00e9s de&nbsp;<strong>Bryan Fogel<\/strong>, un ciclista amateur que decidi\u00f3 experimentar en su propio cuerpo el consumo de sustancias para mejorar su rendimiento, sin dar un s\u00f3lo positivo en las pruebas de dopaje.<\/p>\n\n\n\n<p>Fogel recibi\u00f3 la ayuda de&nbsp;<strong>Grigori Rodchenkov<\/strong>, el entonces director del Laboratorio Antidopaje Ruso en Mosc\u00fa, quien fue destituido despu\u00e9s del destape de los casos.<\/p>\n\n\n\n<p>Sin duda una producci\u00f3n de Netflix imperdible, tan aclamada por el p\u00fablico que en&nbsp;<strong>2018 gan\u00f3 el Oscar a mejor documental largo.<\/strong><\/p>\n\n\n\n<p><a href=\"https:\/\/www.netflix.com\/title\/80168079\" target=\"_blank\" rel=\"noreferrer noopener\">Mira&nbsp;<em>\u00cdcaro&nbsp;<\/em>ac\u00e1.<\/a><\/p>\n\n\n\n<h4 class=\"wp-block-heading\">26. Feministas: \u00bfQu\u00e9 estaban pensando?<\/h4>\n\n\n\n<figure class=\"wp-block-image\"><img decoding=\"async\" src=\"http:\/\/finde.latercera.com\/wp-content\/uploads\/2019\/01\/Feministas-qu%C3%A9-estaban-pensando-Netflix-1.jpg\" alt=\"\" class=\"wp-image-78865\"\/><figcaption>Feministas: \u00bfQu\u00e9 estaban pensando? | Netflix<\/figcaption><\/figure>\n\n\n\n<p>En 1977, la fot\u00f3grafa&nbsp;<strong>Cynthia McAdams<\/strong>&nbsp;hizo un&nbsp;<strong>libro con fotograf\u00edas de varias mujeres<\/strong>, famosas y otras no tanto, que dejaron de lado las restricciones culturales y se mostraron naturales. La idea era ver si el feminismo se pod\u00eda capturar en im\u00e1genes, comprobar si \u00e9ste se transmit\u00eda en una foto sin poses.<\/p>\n\n\n\n<p>Este interesante documental de una hora y media vuelve a esas protagonistas y a esos tiempos para valorar lo que hicieron, pero tambi\u00e9n para saber&nbsp;<strong>cu\u00e1nto han avanzado los derechos de las mujeres<\/strong>&nbsp;despu\u00e9s de cuatro d\u00e9cadas.<\/p>\n\n\n\n<p>Entre las protagonistas de esta historia est\u00e1n las actrices&nbsp;<strong>Jane Fonda y Lily Tomlin<\/strong>, la escritora Gloria Steinem y la pintora&nbsp;Judy Chicago.<\/p>\n\n\n\n<p><a href=\"https:\/\/www.netflix.com\/title\/80216844\" target=\"_blank\" rel=\"noreferrer noopener\">Mira&nbsp;<em>Feministas: \u00bfQu\u00e9 estaban pensando?&nbsp;<\/em>ac\u00e1.<\/a><\/p>\n\n\n\n<h4 class=\"wp-block-heading\">27. Virunga<\/h4>\n\n\n\n<figure class=\"wp-block-image\"><img decoding=\"async\" src=\"http:\/\/finde.latercera.com\/wp-content\/uploads\/2019\/01\/Virunga-Netflix-1.jpg\" alt=\"\" class=\"wp-image-78876\"\/><figcaption>Virunga | Netflix<\/figcaption><\/figure>\n\n\n\n<p>Uno de los documentales m\u00e1s aplaudidos y comentados de 2014 fue&nbsp;<em>Virunga,&nbsp;<\/em>que incluso lleg\u00f3 a ser&nbsp;<strong>nominado como Mejor Documental Largo<\/strong>&nbsp;para los premios Oscar.<\/p>\n\n\n\n<p>Dirigido por el brit\u00e1nico Orlando von Einsiedel, el documental se sumerge en el Congo para registrar c\u00f3mo un grupo de personas hacen&nbsp;<strong>su mejor intento para proteger el Parque Nacional Virunga, que es el hogar de los \u00faltimos gorilas de monta\u00f1a en el mundo<\/strong>.<\/p>\n\n\n\n<p>En el relato podemos conocer a&nbsp;<strong>Rodrigue Mugaruka Katembo<\/strong>&nbsp;(en la foto), el l\u00edder de los guardabosques del parque, que&nbsp;<strong>dedica su vida a proteger a cuatro gorilas j\u00f3venes<\/strong>&nbsp;que alguna vez fueron v\u00edctimas del tr\u00e1fico de animales que afecta profundamente a este territorio.<\/p>\n\n\n\n<p>Gracias a \u00e9l y a otros miembros del parque, podemos comprender que,&nbsp;<strong>a pesar de que Virunga es una zona protegida, el conflicto armado y la inestabilidad que vive el Congo termina afectando a todos<\/strong>: a pobladores, a guardaparques y sobre todo a los animales salvajes.<\/p>\n\n\n\n<p>El documental, gracias a la investigaci\u00f3n de la periodista de guerra francesa&nbsp;M\u00e9lanie Gouby,&nbsp;<strong>pone en evidencia a&nbsp;SOCO International<\/strong>, una empresa brit\u00e1nica que busca a toda costa \u2014y realizando las mas sucias maniobras\u2014 explotar las reservas de petroleo existentes bajo este parque que es Patrimonio de la Humanidad, poniendo en riesgo todo el ecosistema.<\/p>\n\n\n\n<p><a href=\"https:\/\/www.netflix.com\/title\/80009431\" target=\"_blank\" rel=\"noreferrer noopener\">Mira&nbsp;<em>Virunga&nbsp;<\/em>ac\u00e1.<\/a><\/p>\n\n\n\n<h4 class=\"wp-block-heading\">28. What the health<\/h4>\n\n\n\n<figure class=\"wp-block-image\"><img decoding=\"async\" src=\"http:\/\/finde.latercera.com\/wp-content\/uploads\/2019\/01\/What-the-Health-Netflix-1.jpg\" alt=\"\" class=\"wp-image-78877\"\/><figcaption>What the Health<\/figcaption><\/figure>\n\n\n\n<p>Este documental hace una<strong>&nbsp;cr\u00edtica directa a la industria alimentaria<\/strong>&nbsp;en el mundo.<\/p>\n\n\n\n<p>Cuestiona a los gobiernos e instituciones de la salud por promover lo que conocemos como \u201cdieta saludable\u201d, asegurando que los&nbsp;<strong>alimentos de origen animal (carnes, huevos y l\u00e1cteos) son la principal causa de enfermedades<\/strong>&nbsp;como c\u00e1ncer, diabetes e hipertensi\u00f3n.<\/p>\n\n\n\n<p>A trav\u00e9s de las historias de tres personas con enfermedades que deciden cambiar completamente lo que comen, derriba mitos y controversias de la alimentaci\u00f3n.<\/p>\n\n\n\n<p>Es una producci\u00f3n entretenida aunque pol\u00e9mica, porque pone dos corrientes frente a frente: la industria de la carne y la&nbsp;<strong>alimentaci\u00f3n vegana<\/strong>&nbsp;(basada en plantas).<\/p>\n\n\n\n<p><a href=\"https:\/\/www.netflix.com\/title\/80174177\" target=\"_blank\" rel=\"noreferrer noopener\">Mira&nbsp;<em>What the health&nbsp;<\/em>ac\u00e1.<\/a><\/p>\n\n\n\n<h4 class=\"wp-block-heading\">29. Tales by Light<\/h4>\n\n\n\n<figure class=\"wp-block-image\"><img decoding=\"async\" src=\"http:\/\/finde.latercera.com\/wp-content\/uploads\/2018\/12\/Tales-by-Light-3.jpg\" alt=\"Tales by light serie netflix\" class=\"wp-image-73406\"\/><figcaption>Tercera temporada de Tales by Light | Netflix<\/figcaption><\/figure>\n\n\n\n<p>Esta es&nbsp;<strong>una de esas joyitas poco conocidas<\/strong>&nbsp;que esconde el cat\u00e1logo de Netflix.<\/p>\n\n\n\n<p>Es una serie documental que&nbsp;<strong>se dedica a seguir a algunos de los fot\u00f3grafos m\u00e1s destacados del mundo<\/strong>&nbsp;en sus viajes para conseguir im\u00e1genes incre\u00edbles.<\/p>\n\n\n\n<p>En su\u00a0tercera temporada, estrenada a fines de 2018, la serie mejora bastante (y eso que ya estaba a un muy buen nivel) al seguir a fot\u00f3grafos de la talla de Shawn Heinrichs (<a rel=\"noreferrer noopener\" href=\"https:\/\/www.instagram.com\/shawnheinrichs\/\" target=\"_blank\">@shawnheinrichs<\/a>), el conservacionista que dedica a su vida por proteger los oc\u00e9anos, especialmente\u00a0el archipi\u00e9lago de Raja Ampat.<\/p>\n\n\n\n<p>Uno de sus mayores atractivos, adem\u00e1s del&nbsp;<strong>impecable trabajo de fotograf\u00eda<\/strong>&nbsp;realizado por su director,&nbsp;Abraham Joffe, es que sus&nbsp;<strong>cap\u00edtulos s\u00f3lo duran entre 20 a 25 minutos<\/strong>, por lo que son muy f\u00e1ciles de ver.<\/p>\n\n\n\n<p><a href=\"https:\/\/www.netflix.com\/title\/80133187\" target=\"_blank\" rel=\"noreferrer noopener\">Mira&nbsp;<em>Tales by Light&nbsp;<\/em>ac\u00e1.<\/a><\/p>\n\n\n\n<h4 class=\"wp-block-heading\">30. Harry Benson: Shoot First<\/h4>\n\n\n\n<figure class=\"wp-block-image\"><img decoding=\"async\" src=\"http:\/\/finde.latercera.com\/wp-content\/uploads\/2019\/03\/Harry-Benson-Shoot-First-02.jpg\" alt=\"Harry Benson: Shoot First\" class=\"wp-image-84257\"\/><figcaption>Harry Benson: Shoot First<\/figcaption><\/figure>\n\n\n\n<p>Pocos fot\u00f3grafos en el mundo tienen la suerte de decir que en su portafolio personal tiene retratos de figuras como The Beatles, Michael Jackson, Robert F. Kennedy, Elizabeth Taylor, Donald Trump, entre muchas otras.<\/p>\n\n\n\n<p>Nacido en Escocia en 1929,&nbsp;<strong>Harry Benson es reconocido como uno de los fotoperiodistas m\u00e1s importantes de la historia<\/strong>, sobre todo por su trabajo con grandes celebridades, y&nbsp;<strong>este documental cuenta gran parte de su historia<\/strong>. Desde su primera y afortunada asignaci\u00f3n para fotografear a The Beatles, hasta los momentos m\u00e1s ic\u00f3nicos de su carrera, que incluyen retratos a grandes personajes de la historia, incluido Martin Luther King.<\/p>\n\n\n\n<p>Es otro documental que todo amante de la fotograf\u00eda deber\u00eda ver, sobre todo&nbsp;<strong>para aprender la particular mirada que ten\u00eda Benson sobre la \u00e9tica en su trabajo y c\u00f3mo constru\u00eda las historias que luego transmit\u00eda en sus retratos<\/strong>.<\/p>\n\n\n\n<p><a href=\"https:\/\/www.netflix.com\/title\/80095094\" target=\"_blank\" rel=\"noreferrer noopener\">Mira&nbsp;<em>Harry Benson: Shoot First&nbsp;<\/em>ac\u00e1.<\/a><\/p>\n\n\n\n<h4 class=\"wp-block-heading\">31. En pocas palabras<\/h4>\n\n\n\n<figure class=\"wp-block-image\"><img decoding=\"async\" src=\"http:\/\/finde.latercera.com\/wp-content\/uploads\/2019\/01\/En-pocas-palabaras-Netflix-1.jpg\" alt=\"\" class=\"wp-image-78864\"\/><figcaption>En pocas palabras | Netflix<\/figcaption><\/figure>\n\n\n\n<p>A mediados de 2018 se estren\u00f3 esta serie documental de Netflix que&nbsp;<strong>r\u00e1pidamente se convirti\u00f3 en un fen\u00f3meno<\/strong>.<\/p>\n\n\n\n<p>\u00bfPor qu\u00e9? Porque\u00a0<em>En Pocas Palabras\u00a0<\/em>tiene un formato como pocos: con\u00a0<strong>cap\u00edtulos que s\u00f3lo duran 25 minutos<\/strong>, y con un\u00a0<strong>ritmo trepidante<\/strong>, intenta explicar lo mejor posible fen\u00f3menos contingentes que afectan a casi todo el mundo.<\/p>\n\n\n\n<p>As\u00ed, por ejemplo, la docuserie explica&nbsp;<strong>c\u00f3mo se gener\u00f3 el fen\u00f3meno mundial del k-pop<\/strong>, por qu\u00e9 las relaciones monog\u00e1micas no funcionan para las personas o c\u00f3mo la marihuana y sus cultivos han cambiado en los \u00faltimos a\u00f1os, llegando a crear un producto impensado en el pasado.<\/p>\n\n\n\n<p>Sin dudas, un entretenido imperdible para estar al d\u00eda con la actualidad internacional.<\/p>\n\n\n\n<p><a href=\"https:\/\/www.netflix.com\/title\/80216752\" target=\"_blank\" rel=\"noreferrer noopener\">Mira&nbsp;<em>En pocas palabras&nbsp;<\/em>ac\u00e1.<\/a><\/p>\n\n\n\n<h4 class=\"wp-block-heading\">32. Hip-Hop Evolution<\/h4>\n\n\n\n<figure class=\"wp-block-image\"><img decoding=\"async\" src=\"http:\/\/finde.latercera.com\/wp-content\/uploads\/2019\/01\/Hip-Hop-Evolution-Netflix-1.jpg\" alt=\"\" class=\"wp-image-78868\"\/><figcaption>Hip-Hop Evolution | Netflix<\/figcaption><\/figure>\n\n\n\n<p>No es necesario ser fan del hip-hop para disfrutar esta&nbsp;<strong>serie documental de Netflix<\/strong>, que reconstruye la historia del g\u00e9nero m\u00e1s popular en la actualidad.<\/p>\n\n\n\n<p>Es el rapero canadiense Shad quien viaja hacia las ciudades fundamental del rap, de Nueva York a Atlanta, para conversar con los&nbsp;<strong>protagonistas de los hitos m\u00e1s relevantes del desarrollo del hip hop<\/strong>.<\/p>\n\n\n\n<p>Y ah\u00ed est\u00e1 el mayor m\u00e9rito de&nbsp;<em>Hip-Hop Evolution<\/em>, que esa historia la cuentan quienes las vivieron:&nbsp;<strong>MCs, Djs, productores, managers, periodistas y agentes de la industria<\/strong>.<\/p>\n\n\n\n<p>Nombres claves del rap como&nbsp;<strong>Dj Kool Herc, Afrika Mambaataa, Grandmaster Flash, Marley Marl, Big Daddy Kane<\/strong>&nbsp;y muchos m\u00e1s ponen voz a este fascinante relato en primera persona, que enganchar\u00e1 a los fans de la m\u00fasica.<\/p>\n\n\n\n<p>Por ahora, la serie tiene&nbsp;<strong>dos temporadas<\/strong>, con cuatro cap\u00edtulos cada una, dedicados a hitos como el nacimiento del rap, la escena de Los Angeles y el movimiento gangsta.<\/p>\n\n\n\n<p>Lo mejor de todo es que despu\u00e9s de verlos te dar\u00e1n ganas de escuchar a todos estos grandes m\u00fasicos y, quiz\u00e1s, hasta dar unos pasos de break.<\/p>\n\n\n\n<p><a href=\"https:\/\/www.netflix.com\/title\/80141782\" target=\"_blank\" rel=\"noreferrer noopener\">Mira&nbsp;<em>Hip-Hop Evolution&nbsp;<\/em>ac\u00e1.<\/a><\/p>\n\n\n\n<h4 class=\"wp-block-heading\">33. The Staircase<\/h4>\n\n\n\n<figure class=\"wp-block-image\"><img decoding=\"async\" src=\"http:\/\/finde.latercera.com\/wp-content\/uploads\/2019\/01\/The-Staircase-Netflix-1.jpg\" alt=\"\" class=\"wp-image-78874\"\/><figcaption>The Staircase | Netflix<\/figcaption><\/figure>\n\n\n\n<p>Un&nbsp;<strong>escritor estadounidense<\/strong>&nbsp;de cierta fama culpado por el asesinato de su&nbsp;<strong>esposa<\/strong>. Ese podr\u00eda ser perfectamente el gui\u00f3n de una pel\u00edcula, pero se trata del n\u00facleo de esta interesante serie documental perfecta para los fan\u00e1ticos de los thrillers y las cintas sobre cr\u00edmenes.<\/p>\n\n\n\n<p>El 9 de diciembre de 2001, la ejecutiva&nbsp;<strong>Kathleen Peterson<\/strong>&nbsp;muri\u00f3 al pie de la escalera de su casa en Durham, Carolina del Norte. Para la polic\u00eda no se trat\u00f3 de un accidente; lo catalog\u00f3 como&nbsp;<strong>asesinato<\/strong>&nbsp;y acus\u00f3 al esposo de la mujer, el novelista Michael Peterson, de su muerte.<\/p>\n\n\n\n<p>El juicio de Peterson se transform\u00f3 en un&nbsp;<strong>caso medi\u00e1tico<\/strong>&nbsp;y la opini\u00f3n p\u00fablica asumi\u00f3 un rol clave, lo que atrajo al&nbsp;<strong>director franc\u00e9s Jean Xavier de Lestrade<\/strong>, quien comenz\u00f3 a filmar las audiencias, investigaciones y reacciones de los implicados.<\/p>\n\n\n\n<p>El inculpado insiste en su inocencia, pero surgen elementos y flancos que inclinan la balanza hacia su culpabilidad, en una trama de&nbsp;<strong>13 episodios<\/strong>&nbsp;incierta y enigm\u00e1tica.<\/p>\n\n\n\n<p><a href=\"https:\/\/www.netflix.com\/title\/80233441\" target=\"_blank\" rel=\"noreferrer noopener\">Mira&nbsp;<em>The Staircase&nbsp;<\/em>ac\u00e1.<\/a><\/p>\n\n\n\n<h4 class=\"wp-block-heading\">34. El Genio del Mal<\/h4>\n\n\n\n<figure class=\"wp-block-image\"><img decoding=\"async\" src=\"http:\/\/finde.latercera.com\/wp-content\/uploads\/2019\/01\/Genio-Malvado-Netflix-1.jpg\" alt=\"\" class=\"wp-image-78866\"\/><figcaption>El Genio del Mal | Netflix<\/figcaption><\/figure>\n\n\n\n<p>Esta serie documental te va a sorprender desde el primer minuto.<\/p>\n\n\n\n<p>Se trata de&nbsp;<strong><em>El Genio del Mal<\/em><\/strong>, una producci\u00f3n con 4 cap\u00edtulos que cuenta la historia de un&nbsp;<strong>crimen lleno de laberintos y situaciones sin aclarar.&nbsp;<\/strong><\/p>\n\n\n\n<p>Todo comienza cuando un hombre roba un banco con un collar bomba en el cuello, que estalla poco despu\u00e9s del asalto. La polic\u00eda lo investiga y se da cuenta que el hombre es v\u00edctima de otros sujetos, dando un vuelco total a la historia.<\/p>\n\n\n\n<p>Ah\u00ed comienza un documental&nbsp;<strong>lleno de sorpresas y giros inesperados<\/strong>, con personajes tan macabros como inteligentes. Una joyita escondida en el cat\u00e1logo de Netflix.<\/p>\n\n\n\n<p><a href=\"https:\/\/www.netflix.com\/title\/80158319\" target=\"_blank\" rel=\"noreferrer noopener\">Mira&nbsp;<em>El Genio del Mal&nbsp;<\/em>ac\u00e1.<\/a><\/p>\n\n\n\n<h4 class=\"wp-block-heading\">35. Conversaciones con asesinos: Las cintas de Ted Bundy<\/h4>\n\n\n\n<figure class=\"wp-block-image\"><img decoding=\"async\" src=\"http:\/\/finde.latercera.com\/wp-content\/uploads\/2019\/01\/Conversaciones-con-un-asesino-Ted-Bundy-Netflix-1.jpg\" alt=\"qu\u00e9 ver en Netflix\" class=\"wp-image-77996\"\/><figcaption>Conversaciones con asesinos: Las cintas de Ted Bundy | Netflix<\/figcaption><\/figure>\n\n\n\n<p>Si te gustan las historias sobre<strong>&nbsp;cr\u00edmenes y asesinos<\/strong>, no te puedes perder esta serie documental sobre uno de los asesinos m\u00e1s famosos de la historia de Estados Unidos.<\/p>\n\n\n\n<p>Se trata de Ted Bundy, un hombre que en los 70\u2032 abus\u00f3 y mat\u00f3 a m\u00e1s de 30 mujeres j\u00f3venes. En 4 cap\u00edtulos<em>&nbsp;<strong>Conversaciones con asesinos: Las cintas de Ted Bundy<\/strong><\/em>&nbsp;cuenta detalles de su vida e intenta reconstruir las escenas del crimen que dej\u00f3 el asesino.<\/p>\n\n\n\n<p>La historia se arma con&nbsp;<strong>la propia voz de Ted Bundy,<\/strong>&nbsp;quien fue entrevistado en la c\u00e1rcel durante meses por un periodista luego de ser arrestado.<\/p>\n\n\n\n<p>Mientras conoces la historia, podr\u00e1s escuchar las grabaciones reales del caso que se hizo mega conocido en todo el mundo por su nivel de violencia y astucia. Es m\u00e1s, con Bundy&nbsp;<strong>se us\u00f3 por primera vez en la historia el t\u00e9rmino \u201casesino en serie\u201d.<\/strong><\/p>\n\n\n\n<p>Sin duda es un documental intrigante, que sorprende por la astucia del asesino que se mantuvo por 4 a\u00f1os bajo las sombras burlando a la polic\u00eda.<\/p>\n\n\n\n<p><a href=\"https:\/\/www.netflix.com\/title\/80226612\" target=\"_blank\" rel=\"noreferrer noopener\">Mira&nbsp;<em>Conversaciones con asesinos: Las cintas de Ted Bundy&nbsp;<\/em>ac\u00e1.<\/a><\/p>\n\n\n\n<h4 class=\"wp-block-heading\">36. Making a Murderer<\/h4>\n\n\n\n<figure class=\"wp-block-image\"><img decoding=\"async\" src=\"http:\/\/finde.latercera.com\/wp-content\/uploads\/2019\/01\/Making-a-Murderer-Netflix-1.jpg\" alt=\"\" class=\"wp-image-78870\"\/><figcaption>Making a Murderer | Netflix<\/figcaption><\/figure>\n\n\n\n<p>Este debe ser uno de los documentales que m\u00e1s pol\u00e9mica han levantado en los \u00faltimos a\u00f1os. Nos lleva al&nbsp;<strong>Estados Unidos profundo<\/strong>, a uno de esos pueblos en que la justicia no es igual para todos y donde las disputas personales pueden transformarse en una condena.<\/p>\n\n\n\n<p>La producci\u00f3n, dirigida por Laura Ricciardi y Moira Demos, registra la historia de&nbsp;<strong>Steven Avery<\/strong>, un hombre de un peque\u00f1o condado que pas\u00f3 18 a\u00f1os preso por la agresi\u00f3n sexual e intento de homicidio de Penny Beerntsen, crimen del que fuera&nbsp;<strong>exonerado<\/strong>&nbsp;en 2003.<\/p>\n\n\n\n<p>Ya libre, presenta una demanda civil por US$ 36 millones en contra el condado y de varios funcionarios, incluidos polic\u00edas, asociados a su detenci\u00f3n. Pero pasa poco tiempo y Avery es&nbsp;<strong>culpado de la muerte de otra joven<\/strong>&nbsp;junto a su sobrino Brendan.<\/p>\n\n\n\n<p>El documental muestra cada detalle de ambos juicios y se centra en tratar de demostrar c\u00f3mo la polic\u00eda intenta inculpar a este hombre y en los baches que tiene el&nbsp;<strong>sistema judicial estadounidense<\/strong>. Culpable o v\u00edctima, ese es el debate que sigue vigente hasta hoy.<\/p>\n\n\n\n<p><a href=\"https:\/\/www.netflix.com\/title\/80000770\" target=\"_blank\" rel=\"noreferrer noopener\">Mira&nbsp;<em>Making a Murderer&nbsp;<\/em>ac\u00e1.<\/a><\/p>\n\n\n\n<h4 class=\"wp-block-heading\">37. The Truth About Alcohol<\/h4>\n\n\n\n<figure class=\"wp-block-image\"><img decoding=\"async\" src=\"http:\/\/finde.latercera.com\/wp-content\/uploads\/2018\/07\/The-Truth-About-Alcohol-1-OK.jpg\" alt=\"\" class=\"wp-image-47285\"\/><figcaption>The Truth About Alcohol<\/figcaption><\/figure>\n\n\n\n<p>Esta es una&nbsp;<strong>producci\u00f3n brit\u00e1nica<\/strong>&nbsp;que analiza las diferentes teor\u00edas que circulan en el mundo sobre el alcohol y que busca dar una visi\u00f3n realista sobre el consumo de \u00e9ste.<\/p>\n\n\n\n<p>Una buena y entretenida opci\u00f3n para&nbsp;<strong>desmitificar&nbsp;<\/strong>varios asuntos, como la t\u00edpica creencia de que tomar cerveza emborracha menos que beber un destilado o que consumir&nbsp;<strong>ayuda a dormir mejor<\/strong>.<\/p>\n\n\n\n<p>El carism\u00e1tico m\u00e9dico&nbsp;<strong>Javid Abdelmoneim<\/strong>&nbsp;es quien conduce el documental y que investiga el tema con la ayuda de la ciencia, para llegar a algunas conclusiones obvias \u2014como que el alcohol es da\u00f1ino para el h\u00edgado\u2014, y a otras sorprendentes, como que no sirve para abrigarse, sino que&nbsp;<strong>baja la temperatura corporal<\/strong>.<\/p>\n\n\n\n<p><a href=\"https:\/\/www.netflix.com\/title\/80185861\" target=\"_blank\" rel=\"noreferrer noopener\">Ver aqu\u00ed&nbsp;<em>The Truth About Alcohol<\/em>.<\/a><\/p>\n\n\n\n<h4 class=\"wp-block-heading\">38. Take Your Pills<\/h4>\n\n\n\n<figure class=\"wp-block-image\"><img decoding=\"async\" src=\"http:\/\/finde.latercera.com\/wp-content\/uploads\/2019\/01\/Take-Your-Pills-Netflix-1.jpg\" alt=\"\" class=\"wp-image-78872\"\/><figcaption>Take your pills | Netflix<\/figcaption><\/figure>\n\n\n\n<p>En marzo de 2018, luego de obtener el Oscar a Mejor Documental por&nbsp;<em>\u00cdcaro<\/em>, Netflix se atrevi\u00f3 a publicar un nuevo caso de abuso de f\u00e1rmacos.<\/p>\n\n\n\n<p><em>Take Your Pills\u00a0<\/em>es un documental que investiga\u00a0<strong>los usos y abusos del Adderall<\/strong>, una de las drogas legales de moda para rendir m\u00e1s en los estudios y el trabajo.<\/p>\n\n\n\n<p>Esta, en realidad, es recetada por profesionales para tratar el Trastorno de D\u00e9ficit de Atenci\u00f3n con Hiperactividad (TDAH), pero en la pr\u00e1ctica la usan personas completamente sanas, que buscan conseguir una sensaci\u00f3n de mayor seguridad y energ\u00eda en el d\u00eda a d\u00eda.<\/p>\n\n\n\n<p>Un documental entretenido y que explica muy bien los posibles efectos secundarios que genera este tipo de drogas.<\/p>\n\n\n\n<p><a href=\"https:\/\/www.netflix.com\/title\/80117831\" target=\"_blank\" rel=\"noreferrer noopener\">Mira&nbsp;<em>Take Your Pills&nbsp;<\/em>ac\u00e1.<\/a><\/p>\n\n\n\n<h4 class=\"wp-block-heading\">39. Fyre<\/h4>\n\n\n\n<figure class=\"wp-block-image\"><img decoding=\"async\" src=\"http:\/\/finde.latercera.com\/wp-content\/uploads\/2019\/01\/Fyre-4-ok-1.jpg\" alt=\"Fyre Festival\" class=\"wp-image-76899\"\/><figcaption>Fyre | Netflix<\/figcaption><\/figure>\n\n\n\n<p>Uno de los primeros documentales lanzados por Netflix en 2019 fue\u00a0<em>Fyre,\u00a0<\/em>que<strong>\u00a0muestra todos los detalles de c\u00f3mo se construy\u00f3 el llamado \u201cFyre Festival\u201d<\/strong>, una mega fiesta en una isla paradis\u00edaca que promet\u00eda grandes artistas, carpas de lujo, comida gourmet y bailes en yates.<\/p>\n\n\n\n<p>Finalmente, se termin\u00f3 convirtiendo en&nbsp;<strong>la mayor estafa en lo que a festivales de m\u00fasica se conoce<\/strong>.<\/p>\n\n\n\n<p>La cinta, gracias al testimonio de varios colaboradores, reconstruye el antes, el durante y el despu\u00e9s de este pol\u00e9mico festival que promet\u00eda contar con bandas como&nbsp;Blink 182, Disclosure y Major Lazer adem\u00e1s de s\u00faper modelos de Victoria\u2019s Secret y otras celebridades.<\/p>\n\n\n\n<p>Un imperdible de Netflix en lo que va de 2019.<\/p>\n\n\n\n<p><a href=\"https:\/\/www.netflix.com\/title\/81035279\" target=\"_blank\" rel=\"noreferrer noopener\">Mira&nbsp;<em>Fyre<\/em>&nbsp;ac\u00e1.<\/a><\/p>\n\n\n\n<h4 class=\"wp-block-heading\">40. Documentales de m\u00fasica<\/h4>\n\n\n\n<figure class=\"wp-block-image\"><img decoding=\"async\" src=\"http:\/\/finde.latercera.com\/wp-content\/uploads\/2018\/10\/supersonic-oasis.jpg\" alt=\"documentales en netflix\" class=\"wp-image-62906\"\/><figcaption>Supersonic | Oasis<\/figcaption><\/figure>\n\n\n\n<p>Cine y m\u00fasica son una combinaci\u00f3n explosiva, y el cat\u00e1logo de Netflix tiene un apartado bien interesante sobre este g\u00e9nero documental.<\/p>\n\n\n\n<p>De Janis Joplin hasta Oasis, en\u00a0este especial\u00a0hicimos una gu\u00eda con esos documentales de m\u00fasica que no te puedes perder.<\/p>\n\n\n\n<p>Fuente:  http:\/\/finde.latercera.com\/ <\/p>\n<span class=\"et_bloom_bottom_trigger\"><\/span>","protected":false},"excerpt":{"rendered":"<p>Si buscar algo bueno que ver en la plataforma de Netflix, te recomendamos producciones de alto nivel que no solo te dar\u00e1n entretenimiento, tambi\u00e9n conocimiento de historia, biograf\u00eda u otro.<\/p>\n","protected":false},"author":1,"featured_media":4709,"comment_status":"open","ping_status":"open","sticky":false,"template":"","format":"standard","meta":{"_et_pb_use_builder":"off","_et_pb_old_content":"","_et_gb_content_width":"","_joinchat":[],"footnotes":""},"categories":[79],"tags":[75,80,74],"class_list":["post-4708","post","type-post","status-publish","format-standard","has-post-thumbnail","hentry","category-entretenimiento","tag-cine","tag-documentales","tag-entretenimiento","et-has-post-format-content","et_post_format-et-post-format-standard"],"yoast_head":"<!-- This site is optimized with the Yoast SEO plugin v25.1 - https:\/\/yoast.com\/wordpress\/plugins\/seo\/ -->\n<title>Los 40 documentales de Netflix m\u00e1s impresionantes que tienes que ver. - Radio Sentimiento Latino<\/title>\n<meta name=\"robots\" content=\"index, follow, max-snippet:-1, max-image-preview:large, max-video-preview:-1\" \/>\n<link rel=\"canonical\" href=\"https:\/\/sentimientolatino.com\/index.php\/2019\/11\/07\/los-40-documentales-de-netflix-mas-impresionantes-que-tienes-que-ver\/\" \/>\n<meta property=\"og:locale\" content=\"es_ES\" \/>\n<meta property=\"og:type\" content=\"article\" \/>\n<meta property=\"og:title\" content=\"Los 40 documentales de Netflix m\u00e1s impresionantes que tienes que ver. - Radio Sentimiento Latino\" \/>\n<meta property=\"og:description\" content=\"Si buscar algo bueno que ver en la plataforma de Netflix, te recomendamos producciones de alto nivel que no solo te dar\u00e1n entretenimiento, tambi\u00e9n conocimiento de historia, biograf\u00eda u otro.\" \/>\n<meta property=\"og:url\" content=\"https:\/\/sentimientolatino.com\/index.php\/2019\/11\/07\/los-40-documentales-de-netflix-mas-impresionantes-que-tienes-que-ver\/\" \/>\n<meta property=\"og:site_name\" content=\"Radio Sentimiento Latino\" \/>\n<meta property=\"article:publisher\" content=\"https:\/\/www.facebook.com\/SentimientoLatino01\/\" \/>\n<meta property=\"article:published_time\" content=\"2019-11-08T03:41:45+00:00\" \/>\n<meta property=\"article:modified_time\" content=\"2019-11-08T03:41:49+00:00\" \/>\n<meta property=\"og:image\" content=\"https:\/\/sentimientolatino.com\/wp-content\/uploads\/2019\/11\/mejores-40-documentales-de-netflix-radio-sentimiento-latino.jpg\" \/>\n\t<meta property=\"og:image:width\" content=\"1200\" \/>\n\t<meta property=\"og:image:height\" content=\"458\" \/>\n\t<meta property=\"og:image:type\" content=\"image\/jpeg\" \/>\n<meta name=\"author\" content=\"Fernando Idrovo Hidalgo\" \/>\n<meta name=\"twitter:card\" content=\"summary_large_image\" \/>\n<meta name=\"twitter:creator\" content=\"@sentimientofmec\" \/>\n<meta name=\"twitter:site\" content=\"@sentimientofmec\" \/>\n<meta name=\"twitter:label1\" content=\"Escrito por\" \/>\n\t<meta name=\"twitter:data1\" content=\"Fernando Idrovo Hidalgo\" \/>\n\t<meta name=\"twitter:label2\" content=\"Tiempo de lectura\" \/>\n\t<meta name=\"twitter:data2\" content=\"31 minutos\" \/>\n<script type=\"application\/ld+json\" class=\"yoast-schema-graph\">{\"@context\":\"https:\/\/schema.org\",\"@graph\":[{\"@type\":\"WebPage\",\"@id\":\"https:\/\/sentimientolatino.com\/index.php\/2019\/11\/07\/los-40-documentales-de-netflix-mas-impresionantes-que-tienes-que-ver\/\",\"url\":\"https:\/\/sentimientolatino.com\/index.php\/2019\/11\/07\/los-40-documentales-de-netflix-mas-impresionantes-que-tienes-que-ver\/\",\"name\":\"Los 40 documentales de Netflix m\u00e1s impresionantes que tienes que ver. - Radio Sentimiento Latino\",\"isPartOf\":{\"@id\":\"https:\/\/sentimientolatino.com\/#website\"},\"primaryImageOfPage\":{\"@id\":\"https:\/\/sentimientolatino.com\/index.php\/2019\/11\/07\/los-40-documentales-de-netflix-mas-impresionantes-que-tienes-que-ver\/#primaryimage\"},\"image\":{\"@id\":\"https:\/\/sentimientolatino.com\/index.php\/2019\/11\/07\/los-40-documentales-de-netflix-mas-impresionantes-que-tienes-que-ver\/#primaryimage\"},\"thumbnailUrl\":\"https:\/\/sentimientolatino.com\/wp-content\/uploads\/2019\/11\/mejores-40-documentales-de-netflix-radio-sentimiento-latino.jpg\",\"datePublished\":\"2019-11-08T03:41:45+00:00\",\"dateModified\":\"2019-11-08T03:41:49+00:00\",\"author\":{\"@id\":\"https:\/\/sentimientolatino.com\/#\/schema\/person\/1b113de606b114548a7dbe97246bf635\"},\"breadcrumb\":{\"@id\":\"https:\/\/sentimientolatino.com\/index.php\/2019\/11\/07\/los-40-documentales-de-netflix-mas-impresionantes-que-tienes-que-ver\/#breadcrumb\"},\"inLanguage\":\"es\",\"potentialAction\":[{\"@type\":\"ReadAction\",\"target\":[\"https:\/\/sentimientolatino.com\/index.php\/2019\/11\/07\/los-40-documentales-de-netflix-mas-impresionantes-que-tienes-que-ver\/\"]}]},{\"@type\":\"ImageObject\",\"inLanguage\":\"es\",\"@id\":\"https:\/\/sentimientolatino.com\/index.php\/2019\/11\/07\/los-40-documentales-de-netflix-mas-impresionantes-que-tienes-que-ver\/#primaryimage\",\"url\":\"https:\/\/sentimientolatino.com\/wp-content\/uploads\/2019\/11\/mejores-40-documentales-de-netflix-radio-sentimiento-latino.jpg\",\"contentUrl\":\"https:\/\/sentimientolatino.com\/wp-content\/uploads\/2019\/11\/mejores-40-documentales-de-netflix-radio-sentimiento-latino.jpg\",\"width\":1200,\"height\":458},{\"@type\":\"BreadcrumbList\",\"@id\":\"https:\/\/sentimientolatino.com\/index.php\/2019\/11\/07\/los-40-documentales-de-netflix-mas-impresionantes-que-tienes-que-ver\/#breadcrumb\",\"itemListElement\":[{\"@type\":\"ListItem\",\"position\":1,\"name\":\"Portada\",\"item\":\"https:\/\/sentimientolatino.com\/\"},{\"@type\":\"ListItem\",\"position\":2,\"name\":\"Los 40 documentales de Netflix m\u00e1s impresionantes que tienes que ver.\"}]},{\"@type\":\"WebSite\",\"@id\":\"https:\/\/sentimientolatino.com\/#website\",\"url\":\"https:\/\/sentimientolatino.com\/\",\"name\":\"Radio Sentimiento Latino\",\"description\":\"M\u00fasica latina en tu coraz\u00f3n\",\"potentialAction\":[{\"@type\":\"SearchAction\",\"target\":{\"@type\":\"EntryPoint\",\"urlTemplate\":\"https:\/\/sentimientolatino.com\/?s={search_term_string}\"},\"query-input\":{\"@type\":\"PropertyValueSpecification\",\"valueRequired\":true,\"valueName\":\"search_term_string\"}}],\"inLanguage\":\"es\"},{\"@type\":\"Person\",\"@id\":\"https:\/\/sentimientolatino.com\/#\/schema\/person\/1b113de606b114548a7dbe97246bf635\",\"name\":\"Fernando Idrovo Hidalgo\",\"image\":{\"@type\":\"ImageObject\",\"inLanguage\":\"es\",\"@id\":\"https:\/\/sentimientolatino.com\/#\/schema\/person\/image\/\",\"url\":\"https:\/\/secure.gravatar.com\/avatar\/5bf62483600f0f52315748bb3d3dab1a?s=96&d=mm&r=g\",\"contentUrl\":\"https:\/\/secure.gravatar.com\/avatar\/5bf62483600f0f52315748bb3d3dab1a?s=96&d=mm&r=g\",\"caption\":\"Fernando Idrovo Hidalgo\"},\"url\":\"https:\/\/sentimientolatino.com\/index.php\/author\/sentimie\/\"}]}<\/script>\n<!-- \/ Yoast SEO plugin. -->","yoast_head_json":{"title":"Los 40 documentales de Netflix m\u00e1s impresionantes que tienes que ver. - Radio Sentimiento Latino","robots":{"index":"index","follow":"follow","max-snippet":"max-snippet:-1","max-image-preview":"max-image-preview:large","max-video-preview":"max-video-preview:-1"},"canonical":"https:\/\/sentimientolatino.com\/index.php\/2019\/11\/07\/los-40-documentales-de-netflix-mas-impresionantes-que-tienes-que-ver\/","og_locale":"es_ES","og_type":"article","og_title":"Los 40 documentales de Netflix m\u00e1s impresionantes que tienes que ver. - Radio Sentimiento Latino","og_description":"Si buscar algo bueno que ver en la plataforma de Netflix, te recomendamos producciones de alto nivel que no solo te dar\u00e1n entretenimiento, tambi\u00e9n conocimiento de historia, biograf\u00eda u otro.","og_url":"https:\/\/sentimientolatino.com\/index.php\/2019\/11\/07\/los-40-documentales-de-netflix-mas-impresionantes-que-tienes-que-ver\/","og_site_name":"Radio Sentimiento Latino","article_publisher":"https:\/\/www.facebook.com\/SentimientoLatino01\/","article_published_time":"2019-11-08T03:41:45+00:00","article_modified_time":"2019-11-08T03:41:49+00:00","og_image":[{"width":1200,"height":458,"url":"https:\/\/sentimientolatino.com\/wp-content\/uploads\/2019\/11\/mejores-40-documentales-de-netflix-radio-sentimiento-latino.jpg","type":"image\/jpeg"}],"author":"Fernando Idrovo Hidalgo","twitter_card":"summary_large_image","twitter_creator":"@sentimientofmec","twitter_site":"@sentimientofmec","twitter_misc":{"Escrito por":"Fernando Idrovo Hidalgo","Tiempo de lectura":"31 minutos"},"schema":{"@context":"https:\/\/schema.org","@graph":[{"@type":"WebPage","@id":"https:\/\/sentimientolatino.com\/index.php\/2019\/11\/07\/los-40-documentales-de-netflix-mas-impresionantes-que-tienes-que-ver\/","url":"https:\/\/sentimientolatino.com\/index.php\/2019\/11\/07\/los-40-documentales-de-netflix-mas-impresionantes-que-tienes-que-ver\/","name":"Los 40 documentales de Netflix m\u00e1s impresionantes que tienes que ver. - Radio Sentimiento Latino","isPartOf":{"@id":"https:\/\/sentimientolatino.com\/#website"},"primaryImageOfPage":{"@id":"https:\/\/sentimientolatino.com\/index.php\/2019\/11\/07\/los-40-documentales-de-netflix-mas-impresionantes-que-tienes-que-ver\/#primaryimage"},"image":{"@id":"https:\/\/sentimientolatino.com\/index.php\/2019\/11\/07\/los-40-documentales-de-netflix-mas-impresionantes-que-tienes-que-ver\/#primaryimage"},"thumbnailUrl":"https:\/\/sentimientolatino.com\/wp-content\/uploads\/2019\/11\/mejores-40-documentales-de-netflix-radio-sentimiento-latino.jpg","datePublished":"2019-11-08T03:41:45+00:00","dateModified":"2019-11-08T03:41:49+00:00","author":{"@id":"https:\/\/sentimientolatino.com\/#\/schema\/person\/1b113de606b114548a7dbe97246bf635"},"breadcrumb":{"@id":"https:\/\/sentimientolatino.com\/index.php\/2019\/11\/07\/los-40-documentales-de-netflix-mas-impresionantes-que-tienes-que-ver\/#breadcrumb"},"inLanguage":"es","potentialAction":[{"@type":"ReadAction","target":["https:\/\/sentimientolatino.com\/index.php\/2019\/11\/07\/los-40-documentales-de-netflix-mas-impresionantes-que-tienes-que-ver\/"]}]},{"@type":"ImageObject","inLanguage":"es","@id":"https:\/\/sentimientolatino.com\/index.php\/2019\/11\/07\/los-40-documentales-de-netflix-mas-impresionantes-que-tienes-que-ver\/#primaryimage","url":"https:\/\/sentimientolatino.com\/wp-content\/uploads\/2019\/11\/mejores-40-documentales-de-netflix-radio-sentimiento-latino.jpg","contentUrl":"https:\/\/sentimientolatino.com\/wp-content\/uploads\/2019\/11\/mejores-40-documentales-de-netflix-radio-sentimiento-latino.jpg","width":1200,"height":458},{"@type":"BreadcrumbList","@id":"https:\/\/sentimientolatino.com\/index.php\/2019\/11\/07\/los-40-documentales-de-netflix-mas-impresionantes-que-tienes-que-ver\/#breadcrumb","itemListElement":[{"@type":"ListItem","position":1,"name":"Portada","item":"https:\/\/sentimientolatino.com\/"},{"@type":"ListItem","position":2,"name":"Los 40 documentales de Netflix m\u00e1s impresionantes que tienes que ver."}]},{"@type":"WebSite","@id":"https:\/\/sentimientolatino.com\/#website","url":"https:\/\/sentimientolatino.com\/","name":"Radio Sentimiento Latino","description":"M\u00fasica latina en tu coraz\u00f3n","potentialAction":[{"@type":"SearchAction","target":{"@type":"EntryPoint","urlTemplate":"https:\/\/sentimientolatino.com\/?s={search_term_string}"},"query-input":{"@type":"PropertyValueSpecification","valueRequired":true,"valueName":"search_term_string"}}],"inLanguage":"es"},{"@type":"Person","@id":"https:\/\/sentimientolatino.com\/#\/schema\/person\/1b113de606b114548a7dbe97246bf635","name":"Fernando Idrovo Hidalgo","image":{"@type":"ImageObject","inLanguage":"es","@id":"https:\/\/sentimientolatino.com\/#\/schema\/person\/image\/","url":"https:\/\/secure.gravatar.com\/avatar\/5bf62483600f0f52315748bb3d3dab1a?s=96&d=mm&r=g","contentUrl":"https:\/\/secure.gravatar.com\/avatar\/5bf62483600f0f52315748bb3d3dab1a?s=96&d=mm&r=g","caption":"Fernando Idrovo Hidalgo"},"url":"https:\/\/sentimientolatino.com\/index.php\/author\/sentimie\/"}]}},"_links":{"self":[{"href":"https:\/\/sentimientolatino.com\/index.php\/wp-json\/wp\/v2\/posts\/4708"}],"collection":[{"href":"https:\/\/sentimientolatino.com\/index.php\/wp-json\/wp\/v2\/posts"}],"about":[{"href":"https:\/\/sentimientolatino.com\/index.php\/wp-json\/wp\/v2\/types\/post"}],"author":[{"embeddable":true,"href":"https:\/\/sentimientolatino.com\/index.php\/wp-json\/wp\/v2\/users\/1"}],"replies":[{"embeddable":true,"href":"https:\/\/sentimientolatino.com\/index.php\/wp-json\/wp\/v2\/comments?post=4708"}],"version-history":[{"count":1,"href":"https:\/\/sentimientolatino.com\/index.php\/wp-json\/wp\/v2\/posts\/4708\/revisions"}],"predecessor-version":[{"id":4710,"href":"https:\/\/sentimientolatino.com\/index.php\/wp-json\/wp\/v2\/posts\/4708\/revisions\/4710"}],"wp:featuredmedia":[{"embeddable":true,"href":"https:\/\/sentimientolatino.com\/index.php\/wp-json\/wp\/v2\/media\/4709"}],"wp:attachment":[{"href":"https:\/\/sentimientolatino.com\/index.php\/wp-json\/wp\/v2\/media?parent=4708"}],"wp:term":[{"taxonomy":"category","embeddable":true,"href":"https:\/\/sentimientolatino.com\/index.php\/wp-json\/wp\/v2\/categories?post=4708"},{"taxonomy":"post_tag","embeddable":true,"href":"https:\/\/sentimientolatino.com\/index.php\/wp-json\/wp\/v2\/tags?post=4708"}],"curies":[{"name":"wp","href":"https:\/\/api.w.org\/{rel}","templated":true}]}}