{"id":4764,"date":"2020-03-02T10:19:30","date_gmt":"2020-03-02T15:19:30","guid":{"rendered":"https:\/\/sentimientolatino.com\/?p=4764"},"modified":"2020-03-02T10:19:33","modified_gmt":"2020-03-02T15:19:33","slug":"canton-zaruma-cuenta-con-flamantes-bachilleres","status":"publish","type":"post","link":"https:\/\/sentimientolatino.com\/index.php\/2020\/03\/02\/canton-zaruma-cuenta-con-flamantes-bachilleres\/","title":{"rendered":"Cant\u00f3n Zaruma cuenta con flamantes Bachilleres."},"content":{"rendered":"\n<p>Aba\u00f1\u00edn.- Unidad Educativa Am\u00e9rica incorporo 18 nuevos bachilleres.<br> El d\u00eda s\u00e1bado 29 de febrero a las 09H00 en el sal\u00f3n de actos de la Unidad Educativa Am\u00e9rica, se llevo a cabo el acto  solemne de graduaci\u00f3n  de 18 jovenes estudiantes, correspondientes a la sexta promoci\u00f3n de bachilleres en la especialidad de  Ciencias.<\/p>\n\n\n\n<figure class=\"wp-block-gallery columns-3 is-cropped wp-block-gallery-1 is-layout-flex wp-block-gallery-is-layout-flex\"><ul class=\"blocks-gallery-grid\"><li class=\"blocks-gallery-item\"><figure><img loading=\"lazy\" decoding=\"async\" width=\"1024\" height=\"768\" src=\"https:\/\/sentimientolatino.com\/wp-content\/uploads\/2020\/03\/zamura-graduados-01-1024x768.jpeg\" alt=\"\" data-id=\"4766\" data-full-url=\"https:\/\/sentimientolatino.com\/wp-content\/uploads\/2020\/03\/zamura-graduados-01.jpeg\" data-link=\"https:\/\/sentimientolatino.com\/?attachment_id=4766\" class=\"wp-image-4766\" srcset=\"https:\/\/sentimientolatino.com\/wp-content\/uploads\/2020\/03\/zamura-graduados-01-1024x768.jpeg 1024w, https:\/\/sentimientolatino.com\/wp-content\/uploads\/2020\/03\/zamura-graduados-01-300x225.jpeg 300w, https:\/\/sentimientolatino.com\/wp-content\/uploads\/2020\/03\/zamura-graduados-01-768x576.jpeg 768w, https:\/\/sentimientolatino.com\/wp-content\/uploads\/2020\/03\/zamura-graduados-01-610x458.jpeg 610w, https:\/\/sentimientolatino.com\/wp-content\/uploads\/2020\/03\/zamura-graduados-01.jpeg 1032w\" sizes=\"(max-width: 1024px) 100vw, 1024px\" \/><\/figure><\/li><li class=\"blocks-gallery-item\"><figure><img loading=\"lazy\" decoding=\"async\" width=\"1024\" height=\"768\" src=\"https:\/\/sentimientolatino.com\/wp-content\/uploads\/2020\/03\/zamura-graduados-02-1024x768.jpeg\" alt=\"\" data-id=\"4767\" data-full-url=\"https:\/\/sentimientolatino.com\/wp-content\/uploads\/2020\/03\/zamura-graduados-02.jpeg\" data-link=\"https:\/\/sentimientolatino.com\/?attachment_id=4767\" class=\"wp-image-4767\" srcset=\"https:\/\/sentimientolatino.com\/wp-content\/uploads\/2020\/03\/zamura-graduados-02-1024x768.jpeg 1024w, https:\/\/sentimientolatino.com\/wp-content\/uploads\/2020\/03\/zamura-graduados-02-300x225.jpeg 300w, https:\/\/sentimientolatino.com\/wp-content\/uploads\/2020\/03\/zamura-graduados-02-768x576.jpeg 768w, https:\/\/sentimientolatino.com\/wp-content\/uploads\/2020\/03\/zamura-graduados-02-610x458.jpeg 610w, https:\/\/sentimientolatino.com\/wp-content\/uploads\/2020\/03\/zamura-graduados-02.jpeg 1032w\" sizes=\"(max-width: 1024px) 100vw, 1024px\" \/><\/figure><\/li><li class=\"blocks-gallery-item\"><figure><img loading=\"lazy\" decoding=\"async\" width=\"1024\" height=\"768\" src=\"https:\/\/sentimientolatino.com\/wp-content\/uploads\/2020\/03\/zamura-graduados-03-1024x768.jpeg\" alt=\"\" data-id=\"4768\" data-full-url=\"https:\/\/sentimientolatino.com\/wp-content\/uploads\/2020\/03\/zamura-graduados-03.jpeg\" data-link=\"https:\/\/sentimientolatino.com\/?attachment_id=4768\" class=\"wp-image-4768\" srcset=\"https:\/\/sentimientolatino.com\/wp-content\/uploads\/2020\/03\/zamura-graduados-03-1024x768.jpeg 1024w, https:\/\/sentimientolatino.com\/wp-content\/uploads\/2020\/03\/zamura-graduados-03-300x225.jpeg 300w, https:\/\/sentimientolatino.com\/wp-content\/uploads\/2020\/03\/zamura-graduados-03-768x576.jpeg 768w, https:\/\/sentimientolatino.com\/wp-content\/uploads\/2020\/03\/zamura-graduados-03-610x458.jpeg 610w, https:\/\/sentimientolatino.com\/wp-content\/uploads\/2020\/03\/zamura-graduados-03-1080x810.jpeg 1080w, https:\/\/sentimientolatino.com\/wp-content\/uploads\/2020\/03\/zamura-graduados-03.jpeg 1280w\" sizes=\"(max-width: 1024px) 100vw, 1024px\" \/><\/figure><\/li><\/ul><\/figure>\n\n\n\n<p>Dicho evento fue presidido por Narcisa Machuca Rectora de la Unidad Educativa y  cont\u00f3 con la presencia del Director Distrital 07d03 Atahualpa Portovelo &#8211; Zaruma Educaci\u00f3n, Efrain Ordo\u00f1ez Gonzales, el concejal rural de Zaruma Dilmo Gia Cuenca, y los padres de familias mas el cuerpo docente de la UEA . En el mismo acto se reconoci\u00f3 a la mejor bachiller estudiante Zaira Ullaguari Cuenca<\/p>\n\n\n\n<figure class=\"wp-block-gallery columns-3 is-cropped wp-block-gallery-2 is-layout-flex wp-block-gallery-is-layout-flex\"><ul class=\"blocks-gallery-grid\"><li class=\"blocks-gallery-item\"><figure><img loading=\"lazy\" decoding=\"async\" width=\"1024\" height=\"505\" src=\"https:\/\/sentimientolatino.com\/wp-content\/uploads\/2020\/03\/zamura-graduados-04-1024x505.jpeg\" alt=\"\" data-id=\"4769\" data-full-url=\"https:\/\/sentimientolatino.com\/wp-content\/uploads\/2020\/03\/zamura-graduados-04.jpeg\" data-link=\"https:\/\/sentimientolatino.com\/?attachment_id=4769\" class=\"wp-image-4769\" srcset=\"https:\/\/sentimientolatino.com\/wp-content\/uploads\/2020\/03\/zamura-graduados-04-1024x505.jpeg 1024w, https:\/\/sentimientolatino.com\/wp-content\/uploads\/2020\/03\/zamura-graduados-04-300x148.jpeg 300w, https:\/\/sentimientolatino.com\/wp-content\/uploads\/2020\/03\/zamura-graduados-04-768x379.jpeg 768w, https:\/\/sentimientolatino.com\/wp-content\/uploads\/2020\/03\/zamura-graduados-04-610x301.jpeg 610w, https:\/\/sentimientolatino.com\/wp-content\/uploads\/2020\/03\/zamura-graduados-04-1080x533.jpeg 1080w, https:\/\/sentimientolatino.com\/wp-content\/uploads\/2020\/03\/zamura-graduados-04.jpeg 1152w\" sizes=\"(max-width: 1024px) 100vw, 1024px\" \/><\/figure><\/li><li class=\"blocks-gallery-item\"><figure><img loading=\"lazy\" decoding=\"async\" width=\"505\" height=\"1024\" src=\"https:\/\/sentimientolatino.com\/wp-content\/uploads\/2020\/03\/zamura-graduados-05-505x1024.jpeg\" alt=\"\" data-id=\"4770\" data-full-url=\"https:\/\/sentimientolatino.com\/wp-content\/uploads\/2020\/03\/zamura-graduados-05.jpeg\" data-link=\"https:\/\/sentimientolatino.com\/?attachment_id=4770\" class=\"wp-image-4770\" srcset=\"https:\/\/sentimientolatino.com\/wp-content\/uploads\/2020\/03\/zamura-graduados-05-505x1024.jpeg 505w, https:\/\/sentimientolatino.com\/wp-content\/uploads\/2020\/03\/zamura-graduados-05-148x300.jpeg 148w, https:\/\/sentimientolatino.com\/wp-content\/uploads\/2020\/03\/zamura-graduados-05.jpeg 568w\" sizes=\"(max-width: 505px) 100vw, 505px\" \/><\/figure><\/li><li class=\"blocks-gallery-item\"><figure><img loading=\"lazy\" decoding=\"async\" width=\"1024\" height=\"768\" src=\"https:\/\/sentimientolatino.com\/wp-content\/uploads\/2020\/03\/zamura-graduados-06-1024x768.jpeg\" alt=\"\" data-id=\"4771\" data-full-url=\"https:\/\/sentimientolatino.com\/wp-content\/uploads\/2020\/03\/zamura-graduados-06.jpeg\" data-link=\"https:\/\/sentimientolatino.com\/?attachment_id=4771\" class=\"wp-image-4771\" srcset=\"https:\/\/sentimientolatino.com\/wp-content\/uploads\/2020\/03\/zamura-graduados-06-1024x768.jpeg 1024w, https:\/\/sentimientolatino.com\/wp-content\/uploads\/2020\/03\/zamura-graduados-06-300x225.jpeg 300w, https:\/\/sentimientolatino.com\/wp-content\/uploads\/2020\/03\/zamura-graduados-06-768x576.jpeg 768w, https:\/\/sentimientolatino.com\/wp-content\/uploads\/2020\/03\/zamura-graduados-06-610x458.jpeg 610w, https:\/\/sentimientolatino.com\/wp-content\/uploads\/2020\/03\/zamura-graduados-06-1080x810.jpeg 1080w, https:\/\/sentimientolatino.com\/wp-content\/uploads\/2020\/03\/zamura-graduados-06.jpeg 1280w\" sizes=\"(max-width: 1024px) 100vw, 1024px\" \/><\/figure><\/li><li class=\"blocks-gallery-item\"><figure><img loading=\"lazy\" decoding=\"async\" width=\"1024\" height=\"768\" src=\"https:\/\/sentimientolatino.com\/wp-content\/uploads\/2020\/03\/zamura-graduados-07-1024x768.jpeg\" alt=\"\" data-id=\"4772\" data-full-url=\"https:\/\/sentimientolatino.com\/wp-content\/uploads\/2020\/03\/zamura-graduados-07.jpeg\" data-link=\"https:\/\/sentimientolatino.com\/?attachment_id=4772\" class=\"wp-image-4772\" srcset=\"https:\/\/sentimientolatino.com\/wp-content\/uploads\/2020\/03\/zamura-graduados-07-1024x768.jpeg 1024w, https:\/\/sentimientolatino.com\/wp-content\/uploads\/2020\/03\/zamura-graduados-07-300x225.jpeg 300w, https:\/\/sentimientolatino.com\/wp-content\/uploads\/2020\/03\/zamura-graduados-07-768x576.jpeg 768w, https:\/\/sentimientolatino.com\/wp-content\/uploads\/2020\/03\/zamura-graduados-07-610x458.jpeg 610w, https:\/\/sentimientolatino.com\/wp-content\/uploads\/2020\/03\/zamura-graduados-07-1080x810.jpeg 1080w, https:\/\/sentimientolatino.com\/wp-content\/uploads\/2020\/03\/zamura-graduados-07.jpeg 1280w\" sizes=\"(max-width: 1024px) 100vw, 1024px\" \/><\/figure><\/li><li class=\"blocks-gallery-item\"><figure><img loading=\"lazy\" decoding=\"async\" width=\"1024\" height=\"768\" src=\"https:\/\/sentimientolatino.com\/wp-content\/uploads\/2020\/03\/zamura-graduados-08-1024x768.jpeg\" alt=\"\" data-id=\"4773\" data-full-url=\"https:\/\/sentimientolatino.com\/wp-content\/uploads\/2020\/03\/zamura-graduados-08.jpeg\" data-link=\"https:\/\/sentimientolatino.com\/?attachment_id=4773\" class=\"wp-image-4773\" srcset=\"https:\/\/sentimientolatino.com\/wp-content\/uploads\/2020\/03\/zamura-graduados-08-1024x768.jpeg 1024w, https:\/\/sentimientolatino.com\/wp-content\/uploads\/2020\/03\/zamura-graduados-08-300x225.jpeg 300w, https:\/\/sentimientolatino.com\/wp-content\/uploads\/2020\/03\/zamura-graduados-08-768x576.jpeg 768w, https:\/\/sentimientolatino.com\/wp-content\/uploads\/2020\/03\/zamura-graduados-08-610x458.jpeg 610w, https:\/\/sentimientolatino.com\/wp-content\/uploads\/2020\/03\/zamura-graduados-08-1080x810.jpeg 1080w, https:\/\/sentimientolatino.com\/wp-content\/uploads\/2020\/03\/zamura-graduados-08.jpeg 1280w\" sizes=\"(max-width: 1024px) 100vw, 1024px\" \/><\/figure><\/li><li class=\"blocks-gallery-item\"><figure><img loading=\"lazy\" decoding=\"async\" width=\"1024\" height=\"768\" src=\"https:\/\/sentimientolatino.com\/wp-content\/uploads\/2020\/03\/zamura-graduados-10-1024x768.jpeg\" alt=\"\" data-id=\"4775\" data-full-url=\"https:\/\/sentimientolatino.com\/wp-content\/uploads\/2020\/03\/zamura-graduados-10.jpeg\" data-link=\"https:\/\/sentimientolatino.com\/?attachment_id=4775\" class=\"wp-image-4775\" srcset=\"https:\/\/sentimientolatino.com\/wp-content\/uploads\/2020\/03\/zamura-graduados-10-1024x768.jpeg 1024w, https:\/\/sentimientolatino.com\/wp-content\/uploads\/2020\/03\/zamura-graduados-10-300x225.jpeg 300w, https:\/\/sentimientolatino.com\/wp-content\/uploads\/2020\/03\/zamura-graduados-10-768x576.jpeg 768w, https:\/\/sentimientolatino.com\/wp-content\/uploads\/2020\/03\/zamura-graduados-10-610x458.jpeg 610w, https:\/\/sentimientolatino.com\/wp-content\/uploads\/2020\/03\/zamura-graduados-10-1080x810.jpeg 1080w, https:\/\/sentimientolatino.com\/wp-content\/uploads\/2020\/03\/zamura-graduados-10.jpeg 1280w\" sizes=\"(max-width: 1024px) 100vw, 1024px\" \/><\/figure><\/li><\/ul><\/figure>\n\n\n\n<p>Guanaz\u00e1n.- Colegio de Bachillerato Guanaz\u00e1n  incorporo 46 nuevos bachilleres. El dia s\u00e1bado 29 de febrero a las 11H30 en el Coliseo  parroquial, se llevo a cabo el acto  solemne de graduaci\u00f3n  de 46  estudiantes, correspondientes a la vig\u00e9sima novena promoci\u00f3n de bachilleres en la especialidad de T\u00e9cnicos en Produccion Agropecuaria<br> Dicho evento fue presidido por  Rodrigo Granda Guerrero  Rector del Colegio de Bachillerato Guanaz\u00e1n y  cont\u00f3 con la presencia del Director Distrital 07d03 Atahualpa Portovelo Zaruma Educaci\u00f3n, Efrain Ordo\u00f1ez Gonzales, el concejal rural de Zaruma Dilmo Gia Cuenca, presidente del GAD Parroquial, Henrry Serrano Pe\u00f1a  y los padres de familias y  docentes.<\/p>\n\n\n\n<p>En el mismo acto se reconoci\u00f3 al  mejor bachiller estudiante, Geovanni Efrain Tocto Ajila, y a los mejores alumnos de los diferentes paralelos desde octavo de b\u00e1sica hasta tercero de bachillerato, y con un almuerzo comunitario para todos los asistentes en honor a los flamantes graduados culmin\u00f3 dicho evento.<\/p>\n<span class=\"et_bloom_bottom_trigger\"><\/span>","protected":false},"excerpt":{"rendered":"<p>Este \u00faltimo fin de semana en el Cant\u00f3n Zaruma de la Provincia de El Oro, se incorporaron m\u00e1s de 60 bachilleres en actos memorables tanto en Aba\u00f1\u00edn y Guanaz\u00e1n<\/p>\n","protected":false},"author":1,"featured_media":4774,"comment_status":"open","ping_status":"open","sticky":false,"template":"","format":"standard","meta":{"_et_pb_use_builder":"","_et_pb_old_content":"","_et_gb_content_width":"","_joinchat":[],"footnotes":""},"categories":[35],"tags":[8],"class_list":["post-4764","post","type-post","status-publish","format-standard","has-post-thumbnail","hentry","category-comunidad","tag-comunidad","et-has-post-format-content","et_post_format-et-post-format-standard"],"yoast_head":"<!-- This site is optimized with the Yoast SEO plugin v25.1 - https:\/\/yoast.com\/wordpress\/plugins\/seo\/ -->\n<title>Cant\u00f3n Zaruma cuenta con flamantes Bachilleres. - Radio Sentimiento Latino<\/title>\n<meta name=\"robots\" content=\"index, follow, max-snippet:-1, max-image-preview:large, max-video-preview:-1\" \/>\n<link rel=\"canonical\" href=\"https:\/\/sentimientolatino.com\/index.php\/2020\/03\/02\/canton-zaruma-cuenta-con-flamantes-bachilleres\/\" \/>\n<meta property=\"og:locale\" content=\"es_ES\" \/>\n<meta property=\"og:type\" content=\"article\" \/>\n<meta property=\"og:title\" content=\"Cant\u00f3n Zaruma cuenta con flamantes Bachilleres. - Radio Sentimiento Latino\" \/>\n<meta property=\"og:description\" content=\"Este \u00faltimo fin de semana en el Cant\u00f3n Zaruma de la Provincia de El Oro, se incorporaron m\u00e1s de 60 bachilleres en actos memorables tanto en Aba\u00f1\u00edn y Guanaz\u00e1n\" \/>\n<meta property=\"og:url\" content=\"https:\/\/sentimientolatino.com\/index.php\/2020\/03\/02\/canton-zaruma-cuenta-con-flamantes-bachilleres\/\" \/>\n<meta property=\"og:site_name\" content=\"Radio Sentimiento Latino\" \/>\n<meta property=\"article:publisher\" content=\"https:\/\/www.facebook.com\/SentimientoLatino01\/\" \/>\n<meta property=\"article:published_time\" content=\"2020-03-02T15:19:30+00:00\" \/>\n<meta property=\"article:modified_time\" content=\"2020-03-02T15:19:33+00:00\" \/>\n<meta property=\"og:image\" content=\"https:\/\/sentimientolatino.com\/wp-content\/uploads\/2020\/03\/zamura-graduados-09.jpeg\" \/>\n\t<meta property=\"og:image:width\" content=\"1280\" \/>\n\t<meta property=\"og:image:height\" content=\"960\" \/>\n\t<meta property=\"og:image:type\" content=\"image\/jpeg\" \/>\n<meta name=\"author\" content=\"Fernando Idrovo Hidalgo\" \/>\n<meta name=\"twitter:card\" content=\"summary_large_image\" \/>\n<meta name=\"twitter:creator\" content=\"@sentimientofmec\" \/>\n<meta name=\"twitter:site\" content=\"@sentimientofmec\" \/>\n<meta name=\"twitter:label1\" content=\"Escrito por\" \/>\n\t<meta name=\"twitter:data1\" content=\"Fernando Idrovo Hidalgo\" \/>\n\t<meta name=\"twitter:label2\" content=\"Tiempo de lectura\" \/>\n\t<meta name=\"twitter:data2\" content=\"1 minuto\" \/>\n<script type=\"application\/ld+json\" class=\"yoast-schema-graph\">{\"@context\":\"https:\/\/schema.org\",\"@graph\":[{\"@type\":\"WebPage\",\"@id\":\"https:\/\/sentimientolatino.com\/index.php\/2020\/03\/02\/canton-zaruma-cuenta-con-flamantes-bachilleres\/\",\"url\":\"https:\/\/sentimientolatino.com\/index.php\/2020\/03\/02\/canton-zaruma-cuenta-con-flamantes-bachilleres\/\",\"name\":\"Cant\u00f3n Zaruma cuenta con flamantes Bachilleres. - Radio Sentimiento Latino\",\"isPartOf\":{\"@id\":\"https:\/\/sentimientolatino.com\/#website\"},\"primaryImageOfPage\":{\"@id\":\"https:\/\/sentimientolatino.com\/index.php\/2020\/03\/02\/canton-zaruma-cuenta-con-flamantes-bachilleres\/#primaryimage\"},\"image\":{\"@id\":\"https:\/\/sentimientolatino.com\/index.php\/2020\/03\/02\/canton-zaruma-cuenta-con-flamantes-bachilleres\/#primaryimage\"},\"thumbnailUrl\":\"https:\/\/sentimientolatino.com\/wp-content\/uploads\/2020\/03\/zamura-graduados-09.jpeg\",\"datePublished\":\"2020-03-02T15:19:30+00:00\",\"dateModified\":\"2020-03-02T15:19:33+00:00\",\"author\":{\"@id\":\"https:\/\/sentimientolatino.com\/#\/schema\/person\/1b113de606b114548a7dbe97246bf635\"},\"breadcrumb\":{\"@id\":\"https:\/\/sentimientolatino.com\/index.php\/2020\/03\/02\/canton-zaruma-cuenta-con-flamantes-bachilleres\/#breadcrumb\"},\"inLanguage\":\"es\",\"potentialAction\":[{\"@type\":\"ReadAction\",\"target\":[\"https:\/\/sentimientolatino.com\/index.php\/2020\/03\/02\/canton-zaruma-cuenta-con-flamantes-bachilleres\/\"]}]},{\"@type\":\"ImageObject\",\"inLanguage\":\"es\",\"@id\":\"https:\/\/sentimientolatino.com\/index.php\/2020\/03\/02\/canton-zaruma-cuenta-con-flamantes-bachilleres\/#primaryimage\",\"url\":\"https:\/\/sentimientolatino.com\/wp-content\/uploads\/2020\/03\/zamura-graduados-09.jpeg\",\"contentUrl\":\"https:\/\/sentimientolatino.com\/wp-content\/uploads\/2020\/03\/zamura-graduados-09.jpeg\",\"width\":1280,\"height\":960},{\"@type\":\"BreadcrumbList\",\"@id\":\"https:\/\/sentimientolatino.com\/index.php\/2020\/03\/02\/canton-zaruma-cuenta-con-flamantes-bachilleres\/#breadcrumb\",\"itemListElement\":[{\"@type\":\"ListItem\",\"position\":1,\"name\":\"Portada\",\"item\":\"https:\/\/sentimientolatino.com\/\"},{\"@type\":\"ListItem\",\"position\":2,\"name\":\"Cant\u00f3n Zaruma cuenta con flamantes Bachilleres.\"}]},{\"@type\":\"WebSite\",\"@id\":\"https:\/\/sentimientolatino.com\/#website\",\"url\":\"https:\/\/sentimientolatino.com\/\",\"name\":\"Radio Sentimiento Latino\",\"description\":\"M\u00fasica latina en tu coraz\u00f3n\",\"potentialAction\":[{\"@type\":\"SearchAction\",\"target\":{\"@type\":\"EntryPoint\",\"urlTemplate\":\"https:\/\/sentimientolatino.com\/?s={search_term_string}\"},\"query-input\":{\"@type\":\"PropertyValueSpecification\",\"valueRequired\":true,\"valueName\":\"search_term_string\"}}],\"inLanguage\":\"es\"},{\"@type\":\"Person\",\"@id\":\"https:\/\/sentimientolatino.com\/#\/schema\/person\/1b113de606b114548a7dbe97246bf635\",\"name\":\"Fernando Idrovo Hidalgo\",\"image\":{\"@type\":\"ImageObject\",\"inLanguage\":\"es\",\"@id\":\"https:\/\/sentimientolatino.com\/#\/schema\/person\/image\/\",\"url\":\"https:\/\/secure.gravatar.com\/avatar\/5bf62483600f0f52315748bb3d3dab1a?s=96&d=mm&r=g\",\"contentUrl\":\"https:\/\/secure.gravatar.com\/avatar\/5bf62483600f0f52315748bb3d3dab1a?s=96&d=mm&r=g\",\"caption\":\"Fernando Idrovo Hidalgo\"},\"url\":\"https:\/\/sentimientolatino.com\/index.php\/author\/sentimie\/\"}]}<\/script>\n<!-- \/ Yoast SEO plugin. -->","yoast_head_json":{"title":"Cant\u00f3n Zaruma cuenta con flamantes Bachilleres. - Radio Sentimiento Latino","robots":{"index":"index","follow":"follow","max-snippet":"max-snippet:-1","max-image-preview":"max-image-preview:large","max-video-preview":"max-video-preview:-1"},"canonical":"https:\/\/sentimientolatino.com\/index.php\/2020\/03\/02\/canton-zaruma-cuenta-con-flamantes-bachilleres\/","og_locale":"es_ES","og_type":"article","og_title":"Cant\u00f3n Zaruma cuenta con flamantes Bachilleres. - Radio Sentimiento Latino","og_description":"Este \u00faltimo fin de semana en el Cant\u00f3n Zaruma de la Provincia de El Oro, se incorporaron m\u00e1s de 60 bachilleres en actos memorables tanto en Aba\u00f1\u00edn y Guanaz\u00e1n","og_url":"https:\/\/sentimientolatino.com\/index.php\/2020\/03\/02\/canton-zaruma-cuenta-con-flamantes-bachilleres\/","og_site_name":"Radio Sentimiento Latino","article_publisher":"https:\/\/www.facebook.com\/SentimientoLatino01\/","article_published_time":"2020-03-02T15:19:30+00:00","article_modified_time":"2020-03-02T15:19:33+00:00","og_image":[{"width":1280,"height":960,"url":"https:\/\/sentimientolatino.com\/wp-content\/uploads\/2020\/03\/zamura-graduados-09.jpeg","type":"image\/jpeg"}],"author":"Fernando Idrovo Hidalgo","twitter_card":"summary_large_image","twitter_creator":"@sentimientofmec","twitter_site":"@sentimientofmec","twitter_misc":{"Escrito por":"Fernando Idrovo Hidalgo","Tiempo de lectura":"1 minuto"},"schema":{"@context":"https:\/\/schema.org","@graph":[{"@type":"WebPage","@id":"https:\/\/sentimientolatino.com\/index.php\/2020\/03\/02\/canton-zaruma-cuenta-con-flamantes-bachilleres\/","url":"https:\/\/sentimientolatino.com\/index.php\/2020\/03\/02\/canton-zaruma-cuenta-con-flamantes-bachilleres\/","name":"Cant\u00f3n Zaruma cuenta con flamantes Bachilleres. - Radio Sentimiento Latino","isPartOf":{"@id":"https:\/\/sentimientolatino.com\/#website"},"primaryImageOfPage":{"@id":"https:\/\/sentimientolatino.com\/index.php\/2020\/03\/02\/canton-zaruma-cuenta-con-flamantes-bachilleres\/#primaryimage"},"image":{"@id":"https:\/\/sentimientolatino.com\/index.php\/2020\/03\/02\/canton-zaruma-cuenta-con-flamantes-bachilleres\/#primaryimage"},"thumbnailUrl":"https:\/\/sentimientolatino.com\/wp-content\/uploads\/2020\/03\/zamura-graduados-09.jpeg","datePublished":"2020-03-02T15:19:30+00:00","dateModified":"2020-03-02T15:19:33+00:00","author":{"@id":"https:\/\/sentimientolatino.com\/#\/schema\/person\/1b113de606b114548a7dbe97246bf635"},"breadcrumb":{"@id":"https:\/\/sentimientolatino.com\/index.php\/2020\/03\/02\/canton-zaruma-cuenta-con-flamantes-bachilleres\/#breadcrumb"},"inLanguage":"es","potentialAction":[{"@type":"ReadAction","target":["https:\/\/sentimientolatino.com\/index.php\/2020\/03\/02\/canton-zaruma-cuenta-con-flamantes-bachilleres\/"]}]},{"@type":"ImageObject","inLanguage":"es","@id":"https:\/\/sentimientolatino.com\/index.php\/2020\/03\/02\/canton-zaruma-cuenta-con-flamantes-bachilleres\/#primaryimage","url":"https:\/\/sentimientolatino.com\/wp-content\/uploads\/2020\/03\/zamura-graduados-09.jpeg","contentUrl":"https:\/\/sentimientolatino.com\/wp-content\/uploads\/2020\/03\/zamura-graduados-09.jpeg","width":1280,"height":960},{"@type":"BreadcrumbList","@id":"https:\/\/sentimientolatino.com\/index.php\/2020\/03\/02\/canton-zaruma-cuenta-con-flamantes-bachilleres\/#breadcrumb","itemListElement":[{"@type":"ListItem","position":1,"name":"Portada","item":"https:\/\/sentimientolatino.com\/"},{"@type":"ListItem","position":2,"name":"Cant\u00f3n Zaruma cuenta con flamantes Bachilleres."}]},{"@type":"WebSite","@id":"https:\/\/sentimientolatino.com\/#website","url":"https:\/\/sentimientolatino.com\/","name":"Radio Sentimiento Latino","description":"M\u00fasica latina en tu coraz\u00f3n","potentialAction":[{"@type":"SearchAction","target":{"@type":"EntryPoint","urlTemplate":"https:\/\/sentimientolatino.com\/?s={search_term_string}"},"query-input":{"@type":"PropertyValueSpecification","valueRequired":true,"valueName":"search_term_string"}}],"inLanguage":"es"},{"@type":"Person","@id":"https:\/\/sentimientolatino.com\/#\/schema\/person\/1b113de606b114548a7dbe97246bf635","name":"Fernando Idrovo Hidalgo","image":{"@type":"ImageObject","inLanguage":"es","@id":"https:\/\/sentimientolatino.com\/#\/schema\/person\/image\/","url":"https:\/\/secure.gravatar.com\/avatar\/5bf62483600f0f52315748bb3d3dab1a?s=96&d=mm&r=g","contentUrl":"https:\/\/secure.gravatar.com\/avatar\/5bf62483600f0f52315748bb3d3dab1a?s=96&d=mm&r=g","caption":"Fernando Idrovo Hidalgo"},"url":"https:\/\/sentimientolatino.com\/index.php\/author\/sentimie\/"}]}},"_links":{"self":[{"href":"https:\/\/sentimientolatino.com\/index.php\/wp-json\/wp\/v2\/posts\/4764"}],"collection":[{"href":"https:\/\/sentimientolatino.com\/index.php\/wp-json\/wp\/v2\/posts"}],"about":[{"href":"https:\/\/sentimientolatino.com\/index.php\/wp-json\/wp\/v2\/types\/post"}],"author":[{"embeddable":true,"href":"https:\/\/sentimientolatino.com\/index.php\/wp-json\/wp\/v2\/users\/1"}],"replies":[{"embeddable":true,"href":"https:\/\/sentimientolatino.com\/index.php\/wp-json\/wp\/v2\/comments?post=4764"}],"version-history":[{"count":1,"href":"https:\/\/sentimientolatino.com\/index.php\/wp-json\/wp\/v2\/posts\/4764\/revisions"}],"predecessor-version":[{"id":4776,"href":"https:\/\/sentimientolatino.com\/index.php\/wp-json\/wp\/v2\/posts\/4764\/revisions\/4776"}],"wp:featuredmedia":[{"embeddable":true,"href":"https:\/\/sentimientolatino.com\/index.php\/wp-json\/wp\/v2\/media\/4774"}],"wp:attachment":[{"href":"https:\/\/sentimientolatino.com\/index.php\/wp-json\/wp\/v2\/media?parent=4764"}],"wp:term":[{"taxonomy":"category","embeddable":true,"href":"https:\/\/sentimientolatino.com\/index.php\/wp-json\/wp\/v2\/categories?post=4764"},{"taxonomy":"post_tag","embeddable":true,"href":"https:\/\/sentimientolatino.com\/index.php\/wp-json\/wp\/v2\/tags?post=4764"}],"curies":[{"name":"wp","href":"https:\/\/api.w.org\/{rel}","templated":true}]}}