{"id":5777,"date":"2024-10-22T13:16:59","date_gmt":"2024-10-22T18:16:59","guid":{"rendered":"https:\/\/sentimientolatino.com\/?p=5777"},"modified":"2024-10-22T13:17:00","modified_gmt":"2024-10-22T18:17:00","slug":"los-hermanos-rosario-y-jose-alberto-el-canario-lanzan-nuevo-tema-la-cleptomana-version-salsa","status":"publish","type":"post","link":"https:\/\/sentimientolatino.com\/index.php\/2024\/10\/22\/los-hermanos-rosario-y-jose-alberto-el-canario-lanzan-nuevo-tema-la-cleptomana-version-salsa\/","title":{"rendered":"Los Hermanos Rosario y Jos\u00e9 Alberto \u00abEl Canario\u00bb Lanzan Nuevo Tema \u00abLa Clept\u00f3mana\u00bb Versi\u00f3n Salsa"},"content":{"rendered":"\n<p class=\"has-black-color has-text-color has-link-color wp-elements-5a3cf391061621769e6130efaf5fc584\"><strong>Santo Domingo, Rep. Dom. &#8211;<\/strong>&nbsp;En una emocionante y esperada colaboraci\u00f3n,&nbsp;<strong>Los Hermanos Rosario<\/strong>&nbsp;y&nbsp;<strong>Jos\u00e9 Alberto \u00abEl Canario\u00bb<\/strong>&nbsp;se unen para presentar su nuevo sencillo titulado&nbsp;<strong>\u00abLa Clept\u00f3mana\u00bb<\/strong>&nbsp;en versi\u00f3n salsa. Esta innovadora pieza musical forma parte del \u00e1lbum especial con el cual Los Hermanos Rosario celebran sus 45 a\u00f1os de exitosa carrera art\u00edstica, llevando alegr\u00eda y ritmo a generaciones de fan\u00e1ticos de la m\u00fasica tropical.<\/p>\n\n\n\n<p class=\"has-black-color has-text-color has-link-color wp-elements-b5e0fe22cd0bbb16b770d297782e4c6c\">Desde sus humildes inicios, Los Hermanos Rosario han demostrado ser uno de los pilares fundamentales de la m\u00fasica merengue, transform\u00e1ndose en \u00edconos de la cultura dominicana. Con una trayectoria que abarca m\u00e1s de cuatro d\u00e9cadas, su m\u00fasica ha trascendido fronteras y ha sido el sonido de muchas celebraciones y momentos inolvidables. La decisi\u00f3n de colaborar con Jos\u00e9 Alberto \u00abEl Canario\u00bb, una leyenda viva de la salsa a\u00f1ade una dimensi\u00f3n \u00fanica y enriquecedora a su legado musical.<\/p>\n\n\n\n<p class=\"has-black-color has-text-color has-link-color wp-elements-49bea176b7bb7b9ed10b19d3ccf48e47\"><strong>\u00abLa Clept\u00f3mana\u00bb<\/strong>&nbsp;versi\u00f3n salsa es una muestra de la capacidad de innovaci\u00f3n y adaptabilidad de estos artistas. Bajo la magistral producci\u00f3n musical de Yturvides Vilchez, este sencillo destaca por sus arreglos vibrantes y su ritmo contagioso que seguramente se convertir\u00e1 en un cl\u00e1sico moderno. Luis G\u00f3mez, el realizador del audiovisual, ha creado un videoclip que complementa la canci\u00f3n con im\u00e1genes que capturan la energ\u00eda y pasi\u00f3n de estos talentosos m\u00fasicos.<\/p>\n\n\n\n<p class=\"has-black-color has-text-color has-link-color wp-elements-0183e7b126142a687243475bd30e840f\">Gracias a la distribuci\u00f3n realizada por\u00a0<strong>La Oreja Media Group<\/strong>, \u00abLa Clept\u00f3mana\u00bb versi\u00f3n salsa est\u00e1 disponible en todas las plataformas de streaming. Invitamos a todos los amantes de la salsa y la m\u00fasica tropical a unirse a esta celebraci\u00f3n de la m\u00fasica y a disfrutar de una colaboraci\u00f3n hist\u00f3rica que promete dejar una huella imborrable en la industria musical.<\/p>\n\n\n\n<figure class=\"wp-block-embed is-type-video is-provider-youtube wp-block-embed-youtube wp-embed-aspect-16-9 wp-has-aspect-ratio\"><div class=\"wp-block-embed__wrapper\">\n<iframe loading=\"lazy\" title=\"LA CLEPT\u00d3MANA - Los Hermanos Rosario + Jose Alberto El Canario (Video Oficial)\" width=\"1080\" height=\"608\" src=\"https:\/\/www.youtube.com\/embed\/l22FbvWD9t4?feature=oembed\" frameborder=\"0\" allow=\"accelerometer; autoplay; clipboard-write; encrypted-media; gyroscope; picture-in-picture; web-share\" referrerpolicy=\"strict-origin-when-cross-origin\" allowfullscreen><\/iframe>\n<\/div><\/figure>\n<span class=\"et_bloom_bottom_trigger\"><\/span>","protected":false},"excerpt":{"rendered":"<p>En una emocionante y esperada colaboraci\u00f3n,\u00a0Los Hermanos Rosario\u00a0y\u00a0Jos\u00e9 Alberto \u00abEl Canario\u00bb\u00a0se unen para presentar su nuevo sencillo titulado\u00a0\u00abLa Clept\u00f3mana\u00bb\u00a0en versi\u00f3n salsa. <\/p>\n","protected":false},"author":62,"featured_media":5778,"comment_status":"open","ping_status":"open","sticky":false,"template":"","format":"standard","meta":{"_et_pb_use_builder":"off","_et_pb_old_content":"","_et_gb_content_width":"","_joinchat":[],"footnotes":""},"categories":[1],"tags":[13,74,20,6,104],"class_list":["post-5777","post","type-post","status-publish","format-standard","has-post-thumbnail","hentry","category-latino","tag-artista-latino","tag-entretenimiento","tag-lanzamiento","tag-musica","tag-salsa","et-has-post-format-content","et_post_format-et-post-format-standard"],"yoast_head":"<!-- This site is optimized with the Yoast SEO plugin v25.1 - https:\/\/yoast.com\/wordpress\/plugins\/seo\/ -->\n<title>Los Hermanos Rosario y Jos\u00e9 Alberto &quot;El Canario&quot; Lanzan Nuevo Tema &quot;La Clept\u00f3mana&quot; Versi\u00f3n Salsa - Radio Sentimiento Latino<\/title>\n<meta name=\"robots\" content=\"index, follow, max-snippet:-1, max-image-preview:large, max-video-preview:-1\" \/>\n<link rel=\"canonical\" href=\"https:\/\/sentimientolatino.com\/index.php\/2024\/10\/22\/los-hermanos-rosario-y-jose-alberto-el-canario-lanzan-nuevo-tema-la-cleptomana-version-salsa\/\" \/>\n<meta property=\"og:locale\" content=\"es_ES\" \/>\n<meta property=\"og:type\" content=\"article\" \/>\n<meta property=\"og:title\" content=\"Los Hermanos Rosario y Jos\u00e9 Alberto &quot;El Canario&quot; Lanzan Nuevo Tema &quot;La Clept\u00f3mana&quot; Versi\u00f3n Salsa - Radio Sentimiento Latino\" \/>\n<meta property=\"og:description\" content=\"En una emocionante y esperada colaboraci\u00f3n,\u00a0Los Hermanos Rosario\u00a0y\u00a0Jos\u00e9 Alberto &quot;El Canario&quot;\u00a0se unen para presentar su nuevo sencillo titulado\u00a0&quot;La Clept\u00f3mana&quot;\u00a0en versi\u00f3n salsa.\" \/>\n<meta property=\"og:url\" content=\"https:\/\/sentimientolatino.com\/index.php\/2024\/10\/22\/los-hermanos-rosario-y-jose-alberto-el-canario-lanzan-nuevo-tema-la-cleptomana-version-salsa\/\" \/>\n<meta property=\"og:site_name\" content=\"Radio Sentimiento Latino\" \/>\n<meta property=\"article:publisher\" content=\"https:\/\/www.facebook.com\/SentimientoLatino01\/\" \/>\n<meta property=\"article:published_time\" content=\"2024-10-22T18:16:59+00:00\" \/>\n<meta property=\"article:modified_time\" content=\"2024-10-22T18:17:00+00:00\" \/>\n<meta property=\"og:image\" content=\"https:\/\/sentimientolatino.com\/wp-content\/uploads\/2024\/10\/Los-Hermanos-Rosario-y-Jose-Alberto-El-Canario-Lanzan-Nuevo-Tema-La-Cleptomana-Version-Salsa.jpg\" \/>\n\t<meta property=\"og:image:width\" content=\"2132\" \/>\n\t<meta property=\"og:image:height\" content=\"1260\" \/>\n\t<meta property=\"og:image:type\" content=\"image\/jpeg\" \/>\n<meta name=\"author\" content=\"Daniel Calva\" \/>\n<meta name=\"twitter:card\" content=\"summary_large_image\" \/>\n<meta name=\"twitter:creator\" content=\"@sentimientofmec\" \/>\n<meta name=\"twitter:site\" content=\"@sentimientofmec\" \/>\n<meta name=\"twitter:label1\" content=\"Escrito por\" \/>\n\t<meta name=\"twitter:data1\" content=\"Daniel Calva\" \/>\n\t<meta name=\"twitter:label2\" content=\"Tiempo de lectura\" \/>\n\t<meta name=\"twitter:data2\" content=\"2 minutos\" \/>\n<script type=\"application\/ld+json\" class=\"yoast-schema-graph\">{\"@context\":\"https:\/\/schema.org\",\"@graph\":[{\"@type\":\"WebPage\",\"@id\":\"https:\/\/sentimientolatino.com\/index.php\/2024\/10\/22\/los-hermanos-rosario-y-jose-alberto-el-canario-lanzan-nuevo-tema-la-cleptomana-version-salsa\/\",\"url\":\"https:\/\/sentimientolatino.com\/index.php\/2024\/10\/22\/los-hermanos-rosario-y-jose-alberto-el-canario-lanzan-nuevo-tema-la-cleptomana-version-salsa\/\",\"name\":\"Los Hermanos Rosario y Jos\u00e9 Alberto \\\"El Canario\\\" Lanzan Nuevo Tema \\\"La Clept\u00f3mana\\\" Versi\u00f3n Salsa - Radio Sentimiento Latino\",\"isPartOf\":{\"@id\":\"https:\/\/sentimientolatino.com\/#website\"},\"primaryImageOfPage\":{\"@id\":\"https:\/\/sentimientolatino.com\/index.php\/2024\/10\/22\/los-hermanos-rosario-y-jose-alberto-el-canario-lanzan-nuevo-tema-la-cleptomana-version-salsa\/#primaryimage\"},\"image\":{\"@id\":\"https:\/\/sentimientolatino.com\/index.php\/2024\/10\/22\/los-hermanos-rosario-y-jose-alberto-el-canario-lanzan-nuevo-tema-la-cleptomana-version-salsa\/#primaryimage\"},\"thumbnailUrl\":\"https:\/\/sentimientolatino.com\/wp-content\/uploads\/2024\/10\/Los-Hermanos-Rosario-y-Jose-Alberto-El-Canario-Lanzan-Nuevo-Tema-La-Cleptomana-Version-Salsa.jpg\",\"datePublished\":\"2024-10-22T18:16:59+00:00\",\"dateModified\":\"2024-10-22T18:17:00+00:00\",\"author\":{\"@id\":\"https:\/\/sentimientolatino.com\/#\/schema\/person\/c72d13afb4911441f1567a134756aa0f\"},\"breadcrumb\":{\"@id\":\"https:\/\/sentimientolatino.com\/index.php\/2024\/10\/22\/los-hermanos-rosario-y-jose-alberto-el-canario-lanzan-nuevo-tema-la-cleptomana-version-salsa\/#breadcrumb\"},\"inLanguage\":\"es\",\"potentialAction\":[{\"@type\":\"ReadAction\",\"target\":[\"https:\/\/sentimientolatino.com\/index.php\/2024\/10\/22\/los-hermanos-rosario-y-jose-alberto-el-canario-lanzan-nuevo-tema-la-cleptomana-version-salsa\/\"]}]},{\"@type\":\"ImageObject\",\"inLanguage\":\"es\",\"@id\":\"https:\/\/sentimientolatino.com\/index.php\/2024\/10\/22\/los-hermanos-rosario-y-jose-alberto-el-canario-lanzan-nuevo-tema-la-cleptomana-version-salsa\/#primaryimage\",\"url\":\"https:\/\/sentimientolatino.com\/wp-content\/uploads\/2024\/10\/Los-Hermanos-Rosario-y-Jose-Alberto-El-Canario-Lanzan-Nuevo-Tema-La-Cleptomana-Version-Salsa.jpg\",\"contentUrl\":\"https:\/\/sentimientolatino.com\/wp-content\/uploads\/2024\/10\/Los-Hermanos-Rosario-y-Jose-Alberto-El-Canario-Lanzan-Nuevo-Tema-La-Cleptomana-Version-Salsa.jpg\",\"width\":2132,\"height\":1260},{\"@type\":\"BreadcrumbList\",\"@id\":\"https:\/\/sentimientolatino.com\/index.php\/2024\/10\/22\/los-hermanos-rosario-y-jose-alberto-el-canario-lanzan-nuevo-tema-la-cleptomana-version-salsa\/#breadcrumb\",\"itemListElement\":[{\"@type\":\"ListItem\",\"position\":1,\"name\":\"Portada\",\"item\":\"https:\/\/sentimientolatino.com\/\"},{\"@type\":\"ListItem\",\"position\":2,\"name\":\"Los Hermanos Rosario y Jos\u00e9 Alberto \u00abEl Canario\u00bb Lanzan Nuevo Tema \u00abLa Clept\u00f3mana\u00bb Versi\u00f3n Salsa\"}]},{\"@type\":\"WebSite\",\"@id\":\"https:\/\/sentimientolatino.com\/#website\",\"url\":\"https:\/\/sentimientolatino.com\/\",\"name\":\"Radio Sentimiento Latino\",\"description\":\"M\u00fasica latina en tu coraz\u00f3n\",\"potentialAction\":[{\"@type\":\"SearchAction\",\"target\":{\"@type\":\"EntryPoint\",\"urlTemplate\":\"https:\/\/sentimientolatino.com\/?s={search_term_string}\"},\"query-input\":{\"@type\":\"PropertyValueSpecification\",\"valueRequired\":true,\"valueName\":\"search_term_string\"}}],\"inLanguage\":\"es\"},{\"@type\":\"Person\",\"@id\":\"https:\/\/sentimientolatino.com\/#\/schema\/person\/c72d13afb4911441f1567a134756aa0f\",\"name\":\"Daniel Calva\",\"image\":{\"@type\":\"ImageObject\",\"inLanguage\":\"es\",\"@id\":\"https:\/\/sentimientolatino.com\/#\/schema\/person\/image\/\",\"url\":\"https:\/\/secure.gravatar.com\/avatar\/13c85ba58c17e85bea23065b13a38219?s=96&d=mm&r=g\",\"contentUrl\":\"https:\/\/secure.gravatar.com\/avatar\/13c85ba58c17e85bea23065b13a38219?s=96&d=mm&r=g\",\"caption\":\"Daniel Calva\"},\"sameAs\":[\"https:\/\/sentimientolatino.com\"],\"url\":\"https:\/\/sentimientolatino.com\/index.php\/author\/danielcalva\/\"}]}<\/script>\n<!-- \/ Yoast SEO plugin. -->","yoast_head_json":{"title":"Los Hermanos Rosario y Jos\u00e9 Alberto \"El Canario\" Lanzan Nuevo Tema \"La Clept\u00f3mana\" Versi\u00f3n Salsa - Radio Sentimiento Latino","robots":{"index":"index","follow":"follow","max-snippet":"max-snippet:-1","max-image-preview":"max-image-preview:large","max-video-preview":"max-video-preview:-1"},"canonical":"https:\/\/sentimientolatino.com\/index.php\/2024\/10\/22\/los-hermanos-rosario-y-jose-alberto-el-canario-lanzan-nuevo-tema-la-cleptomana-version-salsa\/","og_locale":"es_ES","og_type":"article","og_title":"Los Hermanos Rosario y Jos\u00e9 Alberto \"El Canario\" Lanzan Nuevo Tema \"La Clept\u00f3mana\" Versi\u00f3n Salsa - Radio Sentimiento Latino","og_description":"En una emocionante y esperada colaboraci\u00f3n,\u00a0Los Hermanos Rosario\u00a0y\u00a0Jos\u00e9 Alberto \"El Canario\"\u00a0se unen para presentar su nuevo sencillo titulado\u00a0\"La Clept\u00f3mana\"\u00a0en versi\u00f3n salsa.","og_url":"https:\/\/sentimientolatino.com\/index.php\/2024\/10\/22\/los-hermanos-rosario-y-jose-alberto-el-canario-lanzan-nuevo-tema-la-cleptomana-version-salsa\/","og_site_name":"Radio Sentimiento Latino","article_publisher":"https:\/\/www.facebook.com\/SentimientoLatino01\/","article_published_time":"2024-10-22T18:16:59+00:00","article_modified_time":"2024-10-22T18:17:00+00:00","og_image":[{"width":2132,"height":1260,"url":"https:\/\/sentimientolatino.com\/wp-content\/uploads\/2024\/10\/Los-Hermanos-Rosario-y-Jose-Alberto-El-Canario-Lanzan-Nuevo-Tema-La-Cleptomana-Version-Salsa.jpg","type":"image\/jpeg"}],"author":"Daniel Calva","twitter_card":"summary_large_image","twitter_creator":"@sentimientofmec","twitter_site":"@sentimientofmec","twitter_misc":{"Escrito por":"Daniel Calva","Tiempo de lectura":"2 minutos"},"schema":{"@context":"https:\/\/schema.org","@graph":[{"@type":"WebPage","@id":"https:\/\/sentimientolatino.com\/index.php\/2024\/10\/22\/los-hermanos-rosario-y-jose-alberto-el-canario-lanzan-nuevo-tema-la-cleptomana-version-salsa\/","url":"https:\/\/sentimientolatino.com\/index.php\/2024\/10\/22\/los-hermanos-rosario-y-jose-alberto-el-canario-lanzan-nuevo-tema-la-cleptomana-version-salsa\/","name":"Los Hermanos Rosario y Jos\u00e9 Alberto \"El Canario\" Lanzan Nuevo Tema \"La Clept\u00f3mana\" Versi\u00f3n Salsa - Radio Sentimiento Latino","isPartOf":{"@id":"https:\/\/sentimientolatino.com\/#website"},"primaryImageOfPage":{"@id":"https:\/\/sentimientolatino.com\/index.php\/2024\/10\/22\/los-hermanos-rosario-y-jose-alberto-el-canario-lanzan-nuevo-tema-la-cleptomana-version-salsa\/#primaryimage"},"image":{"@id":"https:\/\/sentimientolatino.com\/index.php\/2024\/10\/22\/los-hermanos-rosario-y-jose-alberto-el-canario-lanzan-nuevo-tema-la-cleptomana-version-salsa\/#primaryimage"},"thumbnailUrl":"https:\/\/sentimientolatino.com\/wp-content\/uploads\/2024\/10\/Los-Hermanos-Rosario-y-Jose-Alberto-El-Canario-Lanzan-Nuevo-Tema-La-Cleptomana-Version-Salsa.jpg","datePublished":"2024-10-22T18:16:59+00:00","dateModified":"2024-10-22T18:17:00+00:00","author":{"@id":"https:\/\/sentimientolatino.com\/#\/schema\/person\/c72d13afb4911441f1567a134756aa0f"},"breadcrumb":{"@id":"https:\/\/sentimientolatino.com\/index.php\/2024\/10\/22\/los-hermanos-rosario-y-jose-alberto-el-canario-lanzan-nuevo-tema-la-cleptomana-version-salsa\/#breadcrumb"},"inLanguage":"es","potentialAction":[{"@type":"ReadAction","target":["https:\/\/sentimientolatino.com\/index.php\/2024\/10\/22\/los-hermanos-rosario-y-jose-alberto-el-canario-lanzan-nuevo-tema-la-cleptomana-version-salsa\/"]}]},{"@type":"ImageObject","inLanguage":"es","@id":"https:\/\/sentimientolatino.com\/index.php\/2024\/10\/22\/los-hermanos-rosario-y-jose-alberto-el-canario-lanzan-nuevo-tema-la-cleptomana-version-salsa\/#primaryimage","url":"https:\/\/sentimientolatino.com\/wp-content\/uploads\/2024\/10\/Los-Hermanos-Rosario-y-Jose-Alberto-El-Canario-Lanzan-Nuevo-Tema-La-Cleptomana-Version-Salsa.jpg","contentUrl":"https:\/\/sentimientolatino.com\/wp-content\/uploads\/2024\/10\/Los-Hermanos-Rosario-y-Jose-Alberto-El-Canario-Lanzan-Nuevo-Tema-La-Cleptomana-Version-Salsa.jpg","width":2132,"height":1260},{"@type":"BreadcrumbList","@id":"https:\/\/sentimientolatino.com\/index.php\/2024\/10\/22\/los-hermanos-rosario-y-jose-alberto-el-canario-lanzan-nuevo-tema-la-cleptomana-version-salsa\/#breadcrumb","itemListElement":[{"@type":"ListItem","position":1,"name":"Portada","item":"https:\/\/sentimientolatino.com\/"},{"@type":"ListItem","position":2,"name":"Los Hermanos Rosario y Jos\u00e9 Alberto \u00abEl Canario\u00bb Lanzan Nuevo Tema \u00abLa Clept\u00f3mana\u00bb Versi\u00f3n Salsa"}]},{"@type":"WebSite","@id":"https:\/\/sentimientolatino.com\/#website","url":"https:\/\/sentimientolatino.com\/","name":"Radio Sentimiento Latino","description":"M\u00fasica latina en tu coraz\u00f3n","potentialAction":[{"@type":"SearchAction","target":{"@type":"EntryPoint","urlTemplate":"https:\/\/sentimientolatino.com\/?s={search_term_string}"},"query-input":{"@type":"PropertyValueSpecification","valueRequired":true,"valueName":"search_term_string"}}],"inLanguage":"es"},{"@type":"Person","@id":"https:\/\/sentimientolatino.com\/#\/schema\/person\/c72d13afb4911441f1567a134756aa0f","name":"Daniel Calva","image":{"@type":"ImageObject","inLanguage":"es","@id":"https:\/\/sentimientolatino.com\/#\/schema\/person\/image\/","url":"https:\/\/secure.gravatar.com\/avatar\/13c85ba58c17e85bea23065b13a38219?s=96&d=mm&r=g","contentUrl":"https:\/\/secure.gravatar.com\/avatar\/13c85ba58c17e85bea23065b13a38219?s=96&d=mm&r=g","caption":"Daniel Calva"},"sameAs":["https:\/\/sentimientolatino.com"],"url":"https:\/\/sentimientolatino.com\/index.php\/author\/danielcalva\/"}]}},"_links":{"self":[{"href":"https:\/\/sentimientolatino.com\/index.php\/wp-json\/wp\/v2\/posts\/5777"}],"collection":[{"href":"https:\/\/sentimientolatino.com\/index.php\/wp-json\/wp\/v2\/posts"}],"about":[{"href":"https:\/\/sentimientolatino.com\/index.php\/wp-json\/wp\/v2\/types\/post"}],"author":[{"embeddable":true,"href":"https:\/\/sentimientolatino.com\/index.php\/wp-json\/wp\/v2\/users\/62"}],"replies":[{"embeddable":true,"href":"https:\/\/sentimientolatino.com\/index.php\/wp-json\/wp\/v2\/comments?post=5777"}],"version-history":[{"count":1,"href":"https:\/\/sentimientolatino.com\/index.php\/wp-json\/wp\/v2\/posts\/5777\/revisions"}],"predecessor-version":[{"id":5779,"href":"https:\/\/sentimientolatino.com\/index.php\/wp-json\/wp\/v2\/posts\/5777\/revisions\/5779"}],"wp:featuredmedia":[{"embeddable":true,"href":"https:\/\/sentimientolatino.com\/index.php\/wp-json\/wp\/v2\/media\/5778"}],"wp:attachment":[{"href":"https:\/\/sentimientolatino.com\/index.php\/wp-json\/wp\/v2\/media?parent=5777"}],"wp:term":[{"taxonomy":"category","embeddable":true,"href":"https:\/\/sentimientolatino.com\/index.php\/wp-json\/wp\/v2\/categories?post=5777"},{"taxonomy":"post_tag","embeddable":true,"href":"https:\/\/sentimientolatino.com\/index.php\/wp-json\/wp\/v2\/tags?post=5777"}],"curies":[{"name":"wp","href":"https:\/\/api.w.org\/{rel}","templated":true}]}}